{"id":15656,"date":"2023-06-04T11:01:39","date_gmt":"2023-06-04T17:01:39","guid":{"rendered":"http:\/\/fge.oaxaca.gob.mx\/?post_type=noticias&amp;p=5057"},"modified":"2023-06-04T11:01:39","modified_gmt":"2023-06-04T17:01:39","slug":"fiscal-general-del-oaxaca-bernardo-rodriguez-alamilla-nombra-visitador-general-de-la-fgeo-a-elias-cortez-vasquez","status":"publish","type":"noticias","link":"https:\/\/portal.fgeo.gob.mx\/index.php\/archivos\/noticias\/fiscal-general-del-oaxaca-bernardo-rodriguez-alamilla-nombra-visitador-general-de-la-fgeo-a-elias-cortez-vasquez","title":{"rendered":"Fiscal General del Oaxaca, Bernardo Rodr\u00edguez Alamilla nombra Visitador General de la FGEO a El\u00edas Cortez V\u00e1squez"},"content":{"rendered":"<p style=\"text-align: center;\"><img fetchpriority=\"high\" decoding=\"async\" class=\"aligncenter  wp-image-5058\" src=\"http:\/\/fge.oaxaca.gob.mx\/wp-content\/uploads\/2023\/06\/4-junio-Comunicado-visitador-general-1.jpg\" alt=\"\" width=\"542\" height=\"361\" \/><\/p>\n<p style=\"text-align: justify;\"><strong>Oaxaca de Ju\u00e1rez, Oax., a 4 de junio de 2023.-\u00a0<\/strong>El Fiscal General del Estado de Oaxaca Bernardo Rodr\u00edguez Alamilla, tom\u00f3 protesta a El\u00edas Cortez V\u00e1squez como nuevo Visitador General de la instituci\u00f3n procuradora de justicia.<\/p>\n<p style=\"text-align: justify;\">Durante el acto protocolario, requiri\u00f3 al Visitador General realizar su actividad bajo los principios de probidad, profesionalismo y responsabilidad, y record\u00f3 que el proceso de reingenier\u00eda institucional emprendido en esta administraci\u00f3n est\u00e1 enfocado a brindar un mejor servicio a la poblaci\u00f3n, por lo que es indispensable fortalecer los procesos internos en los que se reciben las quejas de la poblaci\u00f3n respecto a los servicios que brinda la instituci\u00f3n.<\/p>\n<p style=\"text-align: justify;\">A\u00f1adi\u00f3 que, para lograrlo, tambi\u00e9n es necesario que las \u00e1reas encargadas de revisar el desempe\u00f1o est\u00e9n funcionando adecuadamente, pues esto permitir\u00e1 fortalecer el proceso de procuraci\u00f3n de justicia.<\/p>\n<p style=\"text-align: justify;\">Al intervenir, El\u00edas Cortez V\u00e1squez expres\u00f3 que desempe\u00f1ar\u00e1 su labor con estricto apego a la normatividad vigente, adem\u00e1s de agradecer la confianza y manifestar su compromiso para con la instituci\u00f3n.<\/p>\n<p style=\"text-align: justify;\">El Visitador General de la FGEO es licenciado en Derecho y Ciencias Sociales por la Universidad Aut\u00f3noma \u201cBenito Ju\u00e1rez\u201d de Oaxaca (UABJO), y en el \u00e1mbito laboral ha desempe\u00f1ado diversos cargos como agente del ministerio p\u00fablico adscrito a la Visitadur\u00eda General, adem\u00e1s, estuvo adscrito a la Unidad de Alto Impacto de la Vicefiscal\u00eda Zona Centro y en la Fiscal\u00eda de Investigaciones en Delitos de Trascendencia Social.<\/p>\n<p style=\"text-align: justify;\">Cortez V\u00e1squez se ha formado en materia de derechos humanos, espec\u00edficamente en aspectos como la investigaci\u00f3n de la tortura, as\u00ed como en est\u00e1ndares en derechos humanos para la investigaci\u00f3n penal y estrategias de litigio, adem\u00e1s de procesos de investigaci\u00f3n criminal conjunta entre ministerios p\u00fablicos, peritos y polic\u00edas, estos procesos de capacitaci\u00f3n los ha tomado con diversos organismos como la Suprema Corte de Justicia, el Instituto Mexicano de Derechos Humanos y Democracia y la Coordinaci\u00f3n para la Implementaci\u00f3n del Sistema Acusatorio en el Estado de Oaxaca.<\/p>\n","protected":false},"author":1,"featured_media":5058,"comment_status":"closed","ping_status":"closed","template":"","tags":[],"categoria_noticias":[],"class_list":["post-15656","noticias","type-noticias","status-publish","has-post-thumbnail","hentry"],"acf":[],"mb":[],"mfb_rest_fields":["title","gutenberg_elementor_mode"],"_links":{"self":[{"href":"https:\/\/portal.fgeo.gob.mx\/index.php\/wp-json\/wp\/v2\/noticias\/15656","targetHints":{"allow":["GET"]}}],"collection":[{"href":"https:\/\/portal.fgeo.gob.mx\/index.php\/wp-json\/wp\/v2\/noticias"}],"about":[{"href":"https:\/\/portal.fgeo.gob.mx\/index.php\/wp-json\/wp\/v2\/types\/noticias"}],"author":[{"embeddable":true,"href":"https:\/\/portal.fgeo.gob.mx\/index.php\/wp-json\/wp\/v2\/users\/1"}],"replies":[{"embeddable":true,"href":"https:\/\/portal.fgeo.gob.mx\/index.php\/wp-json\/wp\/v2\/comments?post=15656"}],"wp:featuredmedia":[{"embeddable":true,"href":"https:\/\/portal.fgeo.gob.mx\/index.php\/wp-json\/"}],"wp:attachment":[{"href":"https:\/\/portal.fgeo.gob.mx\/index.php\/wp-json\/wp\/v2\/media?parent=15656"}],"wp:term":[{"taxonomy":"post_tag","embeddable":true,"href":"https:\/\/portal.fgeo.gob.mx\/index.php\/wp-json\/wp\/v2\/tags?post=15656"},{"taxonomy":"categoria_noticias","embeddable":true,"href":"https:\/\/portal.fgeo.gob.mx\/index.php\/wp-json\/wp\/v2\/categoria_noticias?post=15656"}],"curies":[{"name":"wp","href":"https:\/\/api.w.org\/{rel}","templated":true}]}}