{"id":15651,"date":"2023-06-01T18:20:51","date_gmt":"2023-06-02T00:20:51","guid":{"rendered":"http:\/\/fge.oaxaca.gob.mx\/?post_type=noticias&amp;p=5048"},"modified":"2023-06-01T18:20:51","modified_gmt":"2023-06-02T00:20:51","slug":"fiscalia-de-oaxaca-en-proceso-de-fortalecimiento-rodriguez-alamilla","status":"publish","type":"noticias","link":"https:\/\/portal.fgeo.gob.mx\/index.php\/archivos\/noticias\/fiscalia-de-oaxaca-en-proceso-de-fortalecimiento-rodriguez-alamilla","title":{"rendered":"Fiscal\u00eda de Oaxaca, en proceso de fortalecimiento: Rodr\u00edguez Alamilla"},"content":{"rendered":"<p style=\"font-weight: 400; text-align: justify;\"><strong>El Espinal, Oaxaca., 1 de junio de 2023.- \u00a0<\/strong>Al presentar al nuevo Vicefiscal Regional del Istmo, Carlos Reyes S\u00e1nchez ante la plantilla laboral de la instituci\u00f3n en la zona, el Fiscal General de Oaxaca, Bernardo Rodr\u00edguez Alamilla afirm\u00f3 que la FGEO se encuentra en proceso de fortalecimiento y reconfiguraci\u00f3n, con el objetivo de brindar atenci\u00f3n con calidad y calidez a personas v\u00edctimas de alg\u00fan delito.<\/p>\n<p style=\"font-weight: 400; text-align: justify;\">Durante un recorrido efectuado por las instalaciones de la Fiscal\u00eda en el Istmo, refrend\u00f3 el compromiso de su administraci\u00f3n de trabajar para el mejoramiento de las condiciones laborales de las y los trabajadores, as\u00ed como las personas usuarias de los servicios.<\/p>\n<p style=\"font-weight: 400; text-align: justify;\">As\u00ed tambi\u00e9n, encomend\u00f3 al Vicefiscal Regional del Istmo, impulsar la procuraci\u00f3n de justicia desde las perspectivas victimol\u00f3gica, de g\u00e9nero y con respeto irrestricto a los derechos humanos, al tiempo que reconoci\u00f3 el trabajo Liliana del Carmen Baroja Mart\u00ednez durante el tiempo que estuvo al frente de la instituci\u00f3n en la regi\u00f3n.<\/p>\n<p style=\"font-weight: 400; text-align: justify;\">Rodr\u00edguez Alamilla resalt\u00f3 que las instituciones est\u00e1n conformadas por personas, por ello entre sus pol\u00edticas de trabajo est\u00e1 mantener un contacto cercano con las y los trabajadores de las oficinas de las distintas regiones de la entidad, pues por medio de estos recorridos puede conocer sus necesidades y las condiciones particulares de cada zona.<\/p>\n<p style=\"font-weight: 400; text-align: justify;\">Al reunirse con trabajadores administrativos, ministerios p\u00fablicos, agentes de investigaci\u00f3n y responsables de las diferentes \u00e1reas de la Vicefiscal\u00eda Regional del Istmo les inst\u00f3 a trabajar en forma conjunta para otorgar buenos resultados con beneficio a la sociedad.<\/p>\n<p style=\"font-weight: 400; text-align: justify;\">La Fiscal\u00eda General del Estado tiene como prioridad mejorar los procesos de procuraci\u00f3n de justicia, por lo que realiza cambios para fortalecer la atenci\u00f3n y lograr una adecuada reestructuraci\u00f3n institucional, a fin de brindar a la sociedad oaxaque\u00f1a un servicio acorde a sus necesidades, garantizando justicia y\u00a0transparencia.<\/p>\n","protected":false},"author":1,"featured_media":3175,"comment_status":"closed","ping_status":"closed","template":"","tags":[],"categoria_noticias":[],"class_list":["post-15651","noticias","type-noticias","status-publish","has-post-thumbnail","hentry"],"acf":[],"mb":[],"mfb_rest_fields":["title","gutenberg_elementor_mode"],"_links":{"self":[{"href":"https:\/\/portal.fgeo.gob.mx\/index.php\/wp-json\/wp\/v2\/noticias\/15651","targetHints":{"allow":["GET"]}}],"collection":[{"href":"https:\/\/portal.fgeo.gob.mx\/index.php\/wp-json\/wp\/v2\/noticias"}],"about":[{"href":"https:\/\/portal.fgeo.gob.mx\/index.php\/wp-json\/wp\/v2\/types\/noticias"}],"author":[{"embeddable":true,"href":"https:\/\/portal.fgeo.gob.mx\/index.php\/wp-json\/wp\/v2\/users\/1"}],"replies":[{"embeddable":true,"href":"https:\/\/portal.fgeo.gob.mx\/index.php\/wp-json\/wp\/v2\/comments?post=15651"}],"wp:featuredmedia":[{"embeddable":true,"href":"https:\/\/portal.fgeo.gob.mx\/index.php\/wp-json\/"}],"wp:attachment":[{"href":"https:\/\/portal.fgeo.gob.mx\/index.php\/wp-json\/wp\/v2\/media?parent=15651"}],"wp:term":[{"taxonomy":"post_tag","embeddable":true,"href":"https:\/\/portal.fgeo.gob.mx\/index.php\/wp-json\/wp\/v2\/tags?post=15651"},{"taxonomy":"categoria_noticias","embeddable":true,"href":"https:\/\/portal.fgeo.gob.mx\/index.php\/wp-json\/wp\/v2\/categoria_noticias?post=15651"}],"curies":[{"name":"wp","href":"https:\/\/api.w.org\/{rel}","templated":true}]}}