{"id":15650,"date":"2023-06-01T16:33:13","date_gmt":"2023-06-01T22:33:13","guid":{"rendered":"http:\/\/fge.oaxaca.gob.mx\/?post_type=noticias&amp;p=5047"},"modified":"2023-06-01T16:33:13","modified_gmt":"2023-06-01T22:33:13","slug":"fgeo-obtiene-vinculacion-a-proceso-en-contra-de-imputado-por-homicidio-de-canadiense-ocurrido-en-la-costa","status":"publish","type":"noticias","link":"https:\/\/portal.fgeo.gob.mx\/index.php\/archivos\/noticias\/fgeo-obtiene-vinculacion-a-proceso-en-contra-de-imputado-por-homicidio-de-canadiense-ocurrido-en-la-costa","title":{"rendered":"FGEO obtiene vinculaci\u00f3n a proceso en contra de imputado por homicidio de canadiense ocurrido en la Costa"},"content":{"rendered":"<p style=\"font-weight: 400; text-align: justify;\"><strong>Oaxaca de Ju\u00e1rez, Oax., a 1 de junio de 2023.-\u00a0<\/strong>La Fiscal\u00eda General del Estado de Oaxaca (FGEO) obtuvo auto de vinculaci\u00f3n a proceso en contra de M. O. S. L., imputado por el delito de homicidio, cometido en agravio de una persona originaria de Canad\u00e1, identificado como V. M., en hechos ocurridos en la regi\u00f3n de la Costa.<\/p>\n<p style=\"font-weight: 400; text-align: justify;\">De acuerdo con el expediente penal, el cuerpo sin vida de la v\u00edctima fue localizado el 15 de mayo de 2023, al interior de un veh\u00edculo localizado en calles de la colonia Arroyo Seco de Puerto Escondido, perteneciente al municipio de San Pedro Mixtepec.<\/p>\n<p style=\"font-weight: 400; text-align: justify;\">La polic\u00eda municipal del lugar dio aviso a la FGEO, por lo que el caso fue atra\u00eddo por la Vicefiscal\u00eda Regional de la Costa, que despleg\u00f3 un equipo multidisciplinario que proces\u00f3 la escena del crimen, donde aseguraron indicios hallados en el sitio con el objetivo de colaborar con las investigaciones en torno a este homicidio.<\/p>\n<p style=\"font-weight: 400; text-align: justify;\">Derivado de las indagatorias, se establecieron s\u00f3lidas l\u00edneas por las cuales se otorg\u00f3 la orden de aprehensi\u00f3n que permiti\u00f3 que elementos de la Agencia Estatal de Investigaciones detuvieran a M. O. S. L., en calles de Puerto Escondido, quien fue puesto a disposici\u00f3n del Juez que atiende la causa, el cual dict\u00f3 auto de vinculaci\u00f3n a proceso por el delito de Homicidio Calificado en contra del imputado, a quien impuso prisi\u00f3n preventiva y otorg\u00f3 dos meses para el cierre de la investigaci\u00f3n.<\/p>\n<p style=\"font-weight: 400; text-align: justify;\">El empleo de protocolos de investigaci\u00f3n y la aplicaci\u00f3n de t\u00e9cnicas cient\u00edficas en las investigaciones de cr\u00edmenes, permiten a la Fiscal\u00eda de Oaxaca tener certeza en los trabajos de procuraci\u00f3n de justicia en el estado.<\/p>\n","protected":false},"author":1,"featured_media":3175,"comment_status":"closed","ping_status":"closed","template":"","tags":[],"categoria_noticias":[],"class_list":["post-15650","noticias","type-noticias","status-publish","has-post-thumbnail","hentry"],"acf":[],"mb":[],"mfb_rest_fields":["title","gutenberg_elementor_mode"],"_links":{"self":[{"href":"https:\/\/portal.fgeo.gob.mx\/index.php\/wp-json\/wp\/v2\/noticias\/15650","targetHints":{"allow":["GET"]}}],"collection":[{"href":"https:\/\/portal.fgeo.gob.mx\/index.php\/wp-json\/wp\/v2\/noticias"}],"about":[{"href":"https:\/\/portal.fgeo.gob.mx\/index.php\/wp-json\/wp\/v2\/types\/noticias"}],"author":[{"embeddable":true,"href":"https:\/\/portal.fgeo.gob.mx\/index.php\/wp-json\/wp\/v2\/users\/1"}],"replies":[{"embeddable":true,"href":"https:\/\/portal.fgeo.gob.mx\/index.php\/wp-json\/wp\/v2\/comments?post=15650"}],"wp:featuredmedia":[{"embeddable":true,"href":"https:\/\/portal.fgeo.gob.mx\/index.php\/wp-json\/"}],"wp:attachment":[{"href":"https:\/\/portal.fgeo.gob.mx\/index.php\/wp-json\/wp\/v2\/media?parent=15650"}],"wp:term":[{"taxonomy":"post_tag","embeddable":true,"href":"https:\/\/portal.fgeo.gob.mx\/index.php\/wp-json\/wp\/v2\/tags?post=15650"},{"taxonomy":"categoria_noticias","embeddable":true,"href":"https:\/\/portal.fgeo.gob.mx\/index.php\/wp-json\/wp\/v2\/categoria_noticias?post=15650"}],"curies":[{"name":"wp","href":"https:\/\/api.w.org\/{rel}","templated":true}]}}