{"id":15649,"date":"2023-06-01T10:43:16","date_gmt":"2023-06-01T16:43:16","guid":{"rendered":"http:\/\/fge.oaxaca.gob.mx\/?post_type=noticias&amp;p=5046"},"modified":"2023-06-01T10:43:16","modified_gmt":"2023-06-01T16:43:16","slug":"fiscal-general-de-oaxaca-bernardo-rodriguez-alamilla-nombra-a-jaciel-salvador-vasquez-castro-como-coordinador-general-de-la-aei","status":"publish","type":"noticias","link":"https:\/\/portal.fgeo.gob.mx\/index.php\/archivos\/noticias\/fiscal-general-de-oaxaca-bernardo-rodriguez-alamilla-nombra-a-jaciel-salvador-vasquez-castro-como-coordinador-general-de-la-aei","title":{"rendered":"Fiscal General de Oaxaca, Bernardo Rodr\u00edguez Alamilla, nombra a Jaciel Salvador V\u00e1squez Castro como Coordinador General de la AEI"},"content":{"rendered":"<p style=\"font-weight: 400; text-align: justify;\"><strong>Oaxaca de Ju\u00e1rez, Oax., a 1 de junio de 2023.-<\/strong><strong>\u00a0\u00a0<\/strong>El Fiscal General del Estado de Oaxaca, Bernardo Rodr\u00edguez Alamilla tom\u00f3 protesta a Jaciel Salvador V\u00e1squez Castro, como Coordinador de la Agencia Estatal de Investigaciones (AEI), en el marco de las acciones de reingenier\u00eda que ha emprendido al frente de la instituci\u00f3n.<\/p>\n<p style=\"font-weight: 400; text-align: justify;\">Durante el pase de lista realizado este jueves en las instalaciones de la AEI, el Fiscal General present\u00f3 ante las y los comandantes, as\u00ed como agentes de investigaci\u00f3n a Jaciel Salvador V\u00e1squez Casto como nuevo coordinador, quien cuenta con amplia experiencia en materia de investigaci\u00f3n y conocimiento al interior de la propia corporaci\u00f3n, al tiempo que reconoci\u00f3 la labor efectuada por Rogelio Humberto Garc\u00eda Hern\u00e1ndez durante el tiempo que estuvo al frente de la AEI.<\/p>\n<p style=\"font-weight: 400; text-align: justify;\">\u201cEl proyecto de reestructuraci\u00f3n de la Fiscal\u00eda es un proceso para el mejoramiento de los trabajos que realiza la instituci\u00f3n a favor de la ciudadan\u00eda y, la Agencia Estatal de Investigaciones es el brazo operativo del Ministerio P\u00fablico, por lo que su labor juega un papel prioritario para las v\u00edctimas\u201d, asever\u00f3 el Fiscal.<\/p>\n<p style=\"font-weight: 400; text-align: justify;\">Por tanto, dijo, con la integraci\u00f3n a la Fiscal\u00eda del maestro Jaciel Salvador V\u00e1squez Castro se tiene como objetivo el fortalecimiento institucional en todas las \u00e1reas que van desde la recepci\u00f3n de las denuncias, la parte cient\u00edfica, la investigaci\u00f3n en campo, hasta que la v\u00edctima tenga pleno acceso a la justicia.<\/p>\n<p style=\"font-weight: 400; text-align: justify;\">Jaciel Salvador V\u00e1squez Castro es licenciado en Derecho por la Universidad Aut\u00f3noma \u201cBenito Ju\u00e1rez\u201d de Oaxaca (UABJO) y maestro en Derecho Procesal Penal por el Centro de Estudios de Posgrado Campus Tamaulipas, adem\u00e1s de contar con cursos de actualizaci\u00f3n en \u201cPerfeccionamiento en prevenci\u00f3n y represi\u00f3n del blanqueo de dinero, responsabilidad criminal de las personas jur\u00eddicas y fraude fiscal\u201d por la Universidad de Santiago de Compostela en Santiago de Compostela, Espa\u00f1a; as\u00ed como de \u201cReentrenamiento 2018 &#8211; FBI National Academy Associates, Grupo M\u00e9xico\u201d, en Ciudad de M\u00e9xico.<\/p>\n<p style=\"font-weight: 400; text-align: justify;\">Aunado a ello, tiene formaci\u00f3n profesional extensa dentro de la Fiscal\u00eda, en la que comenz\u00f3 su carrera en 1997 como agente de la polic\u00eda judicial en la extinta Procuradur\u00eda General de Justicia del Estado de Oaxaca, instituci\u00f3n en la que tambi\u00e9n desempe\u00f1\u00f3 el cargo de Secretario Ministerial.<\/p>\n<p style=\"font-weight: 400; text-align: justify;\">Posteriormente, fue agente del Ministerio P\u00fablico, mientras que de 2011 a 2016 fue Coordinador General de la Agencia Estatal de Investigaciones, puesto que vuelve a tomar luego de haber desempe\u00f1ado diversos cargos en administraciones p\u00fablicas de Oaxaca y Puebla, dentro de instituciones dedicadas a la\u00a0seguridad p\u00fablica y procuraci\u00f3n de justicia.<\/p>\n<p style=\"font-weight: 400; text-align: justify;\">La Fiscal\u00eda General da continuidad a su proceso de reestructuraci\u00f3n institucional, a fin de brindar a la sociedad oaxaque\u00f1a un servicio acorde a sus necesidades, garantizando justicia y\u00a0transparencia.<\/p>\n","protected":false},"author":1,"featured_media":3175,"comment_status":"closed","ping_status":"closed","template":"","tags":[],"categoria_noticias":[],"class_list":["post-15649","noticias","type-noticias","status-publish","has-post-thumbnail","hentry"],"acf":[],"mb":[],"mfb_rest_fields":["title","gutenberg_elementor_mode"],"_links":{"self":[{"href":"https:\/\/portal.fgeo.gob.mx\/index.php\/wp-json\/wp\/v2\/noticias\/15649","targetHints":{"allow":["GET"]}}],"collection":[{"href":"https:\/\/portal.fgeo.gob.mx\/index.php\/wp-json\/wp\/v2\/noticias"}],"about":[{"href":"https:\/\/portal.fgeo.gob.mx\/index.php\/wp-json\/wp\/v2\/types\/noticias"}],"author":[{"embeddable":true,"href":"https:\/\/portal.fgeo.gob.mx\/index.php\/wp-json\/wp\/v2\/users\/1"}],"replies":[{"embeddable":true,"href":"https:\/\/portal.fgeo.gob.mx\/index.php\/wp-json\/wp\/v2\/comments?post=15649"}],"wp:featuredmedia":[{"embeddable":true,"href":"https:\/\/portal.fgeo.gob.mx\/index.php\/wp-json\/"}],"wp:attachment":[{"href":"https:\/\/portal.fgeo.gob.mx\/index.php\/wp-json\/wp\/v2\/media?parent=15649"}],"wp:term":[{"taxonomy":"post_tag","embeddable":true,"href":"https:\/\/portal.fgeo.gob.mx\/index.php\/wp-json\/wp\/v2\/tags?post=15649"},{"taxonomy":"categoria_noticias","embeddable":true,"href":"https:\/\/portal.fgeo.gob.mx\/index.php\/wp-json\/wp\/v2\/categoria_noticias?post=15649"}],"curies":[{"name":"wp","href":"https:\/\/api.w.org\/{rel}","templated":true}]}}