{"id":15647,"date":"2023-05-31T17:01:02","date_gmt":"2023-05-31T23:01:02","guid":{"rendered":"http:\/\/fge.oaxaca.gob.mx\/?post_type=noticias&amp;p=5044"},"modified":"2023-05-31T17:01:02","modified_gmt":"2023-05-31T23:01:02","slug":"logra-fiscalia-de-oaxaca-sentencia-condenatoria-de-70-anos-de-prision-contra-secuestrador","status":"publish","type":"noticias","link":"https:\/\/portal.fgeo.gob.mx\/index.php\/archivos\/noticias\/logra-fiscalia-de-oaxaca-sentencia-condenatoria-de-70-anos-de-prision-contra-secuestrador","title":{"rendered":"Logra Fiscal\u00eda de Oaxaca sentencia condenatoria de 70 a\u00f1os de prisi\u00f3n contra secuestrador"},"content":{"rendered":"<p style=\"font-weight: 400; text-align: justify;\"><strong>Oaxaca de Ju\u00e1rez, Oax., a 31 de mayo de 2023.-\u00a0<\/strong>Como resultado de las investigaciones especializadas en delitos de alto impacto, la Fiscal\u00eda General del Estado de Oaxaca (FGEO) obtuvo una sentencia condenatoria de 70 a\u00f1os de prisi\u00f3n en contra de la persona del sexo masculino identificada como C. J. P., responsable del delito de Secuestro Agravado, cometido en la regi\u00f3n de la Costa.<\/p>\n<p style=\"font-weight: 400; text-align: justify;\">En el expediente penal del caso, consta que los hechos sucedieron el 16 de agosto de 2009, cuando la v\u00edctima -un hombre identificado como J. E. B. H.- fue interceptada por un grupo de personas, entre las que se encontraba C. J. P., cuando se encontraba a la orilla de la carretera Costera, a la altura de la localidad de San Jos\u00e9 Manialtepec, que est\u00e1 situada en el municipio de Villa de Tututepec de Melchor Ocampo.<\/p>\n<p style=\"font-weight: 400; text-align: justify;\">Luego de privar ilegalmente de la libertad a la v\u00edctima, los plagiarios se pusieron en contacto con la familia para exigir dinero a cambio de su liberaci\u00f3n.<\/p>\n<p style=\"font-weight: 400; text-align: justify;\">La Vicefiscal\u00eda Regional de la Costa tom\u00f3 conocimiento del caso y realiz\u00f3 las investigaciones correspondientes, derivadas de las cuales se logr\u00f3 la ejecuci\u00f3n de la orden de aprehensi\u00f3n de C. J. P.<\/p>\n<p style=\"font-weight: 400; text-align: justify;\">Al presentar ante el Juez de la causa, los datos de prueba obtenidos por la FGEO, se dict\u00f3 sentencia condenatoria de 70 a\u00f1os de prisi\u00f3n y se impuso el pago de una multa y reparaci\u00f3n del da\u00f1o en contra de C. J. P., responsable del delito de Secuestro Agravado.<\/p>\n<p style=\"font-weight: 400; text-align: justify;\">La Fiscal\u00eda de Oaxaca refrenda en los hechos, su compromiso de realizar investigaciones expeditas a favor de las v\u00edctimas para que tengan acceso pleno\u00a0a\u00a0la\u00a0justicia.<\/p>\n","protected":false},"author":1,"featured_media":3175,"comment_status":"closed","ping_status":"closed","template":"","tags":[],"categoria_noticias":[],"class_list":["post-15647","noticias","type-noticias","status-publish","has-post-thumbnail","hentry"],"acf":[],"mb":[],"mfb_rest_fields":["title","gutenberg_elementor_mode"],"_links":{"self":[{"href":"https:\/\/portal.fgeo.gob.mx\/index.php\/wp-json\/wp\/v2\/noticias\/15647","targetHints":{"allow":["GET"]}}],"collection":[{"href":"https:\/\/portal.fgeo.gob.mx\/index.php\/wp-json\/wp\/v2\/noticias"}],"about":[{"href":"https:\/\/portal.fgeo.gob.mx\/index.php\/wp-json\/wp\/v2\/types\/noticias"}],"author":[{"embeddable":true,"href":"https:\/\/portal.fgeo.gob.mx\/index.php\/wp-json\/wp\/v2\/users\/1"}],"replies":[{"embeddable":true,"href":"https:\/\/portal.fgeo.gob.mx\/index.php\/wp-json\/wp\/v2\/comments?post=15647"}],"wp:featuredmedia":[{"embeddable":true,"href":"https:\/\/portal.fgeo.gob.mx\/index.php\/wp-json\/"}],"wp:attachment":[{"href":"https:\/\/portal.fgeo.gob.mx\/index.php\/wp-json\/wp\/v2\/media?parent=15647"}],"wp:term":[{"taxonomy":"post_tag","embeddable":true,"href":"https:\/\/portal.fgeo.gob.mx\/index.php\/wp-json\/wp\/v2\/tags?post=15647"},{"taxonomy":"categoria_noticias","embeddable":true,"href":"https:\/\/portal.fgeo.gob.mx\/index.php\/wp-json\/wp\/v2\/categoria_noticias?post=15647"}],"curies":[{"name":"wp","href":"https:\/\/api.w.org\/{rel}","templated":true}]}}