{"id":15646,"date":"2023-05-31T13:50:35","date_gmt":"2023-05-31T19:50:35","guid":{"rendered":"http:\/\/fge.oaxaca.gob.mx\/?post_type=noticias&amp;p=5043"},"modified":"2023-05-31T13:50:35","modified_gmt":"2023-05-31T19:50:35","slug":"obtiene-fiscalia-de-oaxaca-sentencia-superior-a-66-anos-de-prision-por-feminicidio-cometido-en-putla","status":"publish","type":"noticias","link":"https:\/\/portal.fgeo.gob.mx\/index.php\/archivos\/noticias\/obtiene-fiscalia-de-oaxaca-sentencia-superior-a-66-anos-de-prision-por-feminicidio-cometido-en-putla","title":{"rendered":"Obtiene Fiscal\u00eda de Oaxaca sentencia superior a 66 a\u00f1os de prisi\u00f3n por feminicidio cometido en Putla"},"content":{"rendered":"<p style=\"font-weight: 400; text-align: justify;\"><strong>Oaxaca de Ju\u00e1rez, Oax., a 31 de mayo de 2023.- \u00a0<\/strong>La Fiscal\u00eda General del Estado de Oaxaca (FGEO) obtuvo una sentencia superior a los 66 a\u00f1os de prisi\u00f3n, contra una persona del sexo masculino identificada como E. G. S. o E. S. S., responsable del delito de Feminicidio Agravado, cometido en la regi\u00f3n de la Sierra Sur.<\/p>\n<p style=\"font-weight: 400; text-align: justify;\">Como consta en el expediente penal, los hechos ocurrieron durante la noche del 21 de julio de 2019, cuando la v\u00edctima E. P. G., viajaba a bordo de un veh\u00edculo junto con otras personas, entre las que estaba E. G. S. o E. S. S., cuando de pronto, se detuvieron en un punto de la carretera local entre Putla Villa de Guerrero y San Juan Lagunas.<\/p>\n<p style=\"font-weight: 400; text-align: justify;\">En el lugar, la v\u00edctima descendi\u00f3 del veh\u00edculo, momento que aprovech\u00f3 E. G. S. o E. S. S. para agredirla con un machete, infligiendo lesiones que terminaron con la vida de E. P. G.<\/p>\n<p style=\"font-weight: 400; text-align: justify;\">Al tener conocimiento de estos sucesos, la FGEO intervino a trav\u00e9s de la Vicefiscal\u00eda Regional de la Mixteca, que realiz\u00f3 las investigaciones oportunas y rigurosas que permitieron la detenci\u00f3n de E. G. S. o E. S. S.<\/p>\n<p style=\"font-weight: 400; text-align: justify;\">Luego de aportar los datos de prueba suficientes en contra del imputado, el Juez que atiende la causa dict\u00f3 sentencia condenatoria contra E. G. S. o E. S. S., a quien impuso la pena de 66 a\u00f1os y 8 meses de prisi\u00f3n, adem\u00e1s del pago de una multa y reparaci\u00f3n del a\u00f1o superior a los 478 mil pesos.<\/p>\n<p style=\"font-weight: 400; text-align: justify;\">En delitos cometidos contra las mujeres, la Fiscal\u00eda General de Justicia del Estado tiene el objetivo de procurar justicia a las v\u00edctimas directas e indirectas, as\u00ed como impulsar medidas de reparaci\u00f3n del da\u00f1o.<\/p>\n","protected":false},"author":1,"featured_media":3175,"comment_status":"closed","ping_status":"closed","template":"","tags":[],"categoria_noticias":[],"class_list":["post-15646","noticias","type-noticias","status-publish","has-post-thumbnail","hentry"],"acf":[],"mb":[],"mfb_rest_fields":["title","gutenberg_elementor_mode"],"_links":{"self":[{"href":"https:\/\/portal.fgeo.gob.mx\/index.php\/wp-json\/wp\/v2\/noticias\/15646","targetHints":{"allow":["GET"]}}],"collection":[{"href":"https:\/\/portal.fgeo.gob.mx\/index.php\/wp-json\/wp\/v2\/noticias"}],"about":[{"href":"https:\/\/portal.fgeo.gob.mx\/index.php\/wp-json\/wp\/v2\/types\/noticias"}],"author":[{"embeddable":true,"href":"https:\/\/portal.fgeo.gob.mx\/index.php\/wp-json\/wp\/v2\/users\/1"}],"replies":[{"embeddable":true,"href":"https:\/\/portal.fgeo.gob.mx\/index.php\/wp-json\/wp\/v2\/comments?post=15646"}],"wp:featuredmedia":[{"embeddable":true,"href":"https:\/\/portal.fgeo.gob.mx\/index.php\/wp-json\/"}],"wp:attachment":[{"href":"https:\/\/portal.fgeo.gob.mx\/index.php\/wp-json\/wp\/v2\/media?parent=15646"}],"wp:term":[{"taxonomy":"post_tag","embeddable":true,"href":"https:\/\/portal.fgeo.gob.mx\/index.php\/wp-json\/wp\/v2\/tags?post=15646"},{"taxonomy":"categoria_noticias","embeddable":true,"href":"https:\/\/portal.fgeo.gob.mx\/index.php\/wp-json\/wp\/v2\/categoria_noticias?post=15646"}],"curies":[{"name":"wp","href":"https:\/\/api.w.org\/{rel}","templated":true}]}}