{"id":15645,"date":"2023-05-30T19:42:09","date_gmt":"2023-05-31T01:42:09","guid":{"rendered":"http:\/\/fge.oaxaca.gob.mx\/?post_type=noticias&amp;p=5042"},"modified":"2023-05-30T19:42:09","modified_gmt":"2023-05-31T01:42:09","slug":"fiscalia-de-oaxaca-inicia-investigacion-y-despliega-equipo-multidisciplinario-por-homicidio-de-director-del-cobao-en-el-istmo","status":"publish","type":"noticias","link":"https:\/\/portal.fgeo.gob.mx\/index.php\/archivos\/noticias\/fiscalia-de-oaxaca-inicia-investigacion-y-despliega-equipo-multidisciplinario-por-homicidio-de-director-del-cobao-en-el-istmo","title":{"rendered":"Fiscal\u00eda de Oaxaca inicia investigaci\u00f3n y despliega equipo multidisciplinario por homicidio de director del Cobao en el Istmo"},"content":{"rendered":"<p style=\"font-weight: 400; text-align: justify;\"><strong>Oaxaca de Ju\u00e1rez, Oax., a 30 de mayo de 2023.-<\/strong>\u00a0 La Fiscal\u00eda General del Estado de Oaxaca (FGEO) inici\u00f3 una carpeta de investigaci\u00f3n por el delito de homicidio calificado, cometido en contra de una persona del sexo masculino identificada por las iniciales R. E. M., hechos ocurridos en el Municipio de San Pedro Tapanatepec, en la regi\u00f3n del Istmo de Tehuantepec.<\/p>\n<p style=\"font-weight: 400; text-align: justify;\">De acuerdo con las investigaciones iniciales, los sucesos se registraron en calles del municipio antes citado, cuando la v\u00edctima fue agredida con armas de fuego, ataque por el cual sufri\u00f3 lesiones que terminaron con su vida.<\/p>\n<p style=\"font-weight: 400; text-align: justify;\">Al dar intervenci\u00f3n a la FGEO, el caso qued\u00f3 a cargo de la Vicefiscal\u00eda Regional del Istmo, que despleg\u00f3 un equipo multidisciplinario de peritos, Ministerio P\u00fablico y elementos de la Agencia Estatal e Investigaciones, que establecieron, en primera instancia, que la v\u00edctima era director del plantel de Tapanatepec del Colegio de Bachilleres de Oaxaca (Cobao).<\/p>\n<p style=\"font-weight: 400; text-align: justify;\">Adem\u00e1s, el \u00e1rea de Atenci\u00f3n a V\u00edctimas de la FGEO se puso en contacto con las v\u00edctimas indirectas (familia) para ofrecer servicios de acompa\u00f1amiento integral en el proceso de procuraci\u00f3n de justicia en torno al caso.<\/p>\n<p style=\"font-weight: 400; text-align: justify;\">La Fiscal\u00eda de Oaxaca emplea t\u00e9cnicas especializadas con personal capacitado en diferentes ramos legales y cient\u00edficos para realizar las investigaciones en casos de alto impacto para permitir el pleno acceso a la justicia a favor de las v\u00edctimas<\/p>\n","protected":false},"author":1,"featured_media":3175,"comment_status":"closed","ping_status":"closed","template":"","tags":[],"categoria_noticias":[],"class_list":["post-15645","noticias","type-noticias","status-publish","has-post-thumbnail","hentry"],"acf":[],"mb":[],"mfb_rest_fields":["title","gutenberg_elementor_mode"],"_links":{"self":[{"href":"https:\/\/portal.fgeo.gob.mx\/index.php\/wp-json\/wp\/v2\/noticias\/15645","targetHints":{"allow":["GET"]}}],"collection":[{"href":"https:\/\/portal.fgeo.gob.mx\/index.php\/wp-json\/wp\/v2\/noticias"}],"about":[{"href":"https:\/\/portal.fgeo.gob.mx\/index.php\/wp-json\/wp\/v2\/types\/noticias"}],"author":[{"embeddable":true,"href":"https:\/\/portal.fgeo.gob.mx\/index.php\/wp-json\/wp\/v2\/users\/1"}],"replies":[{"embeddable":true,"href":"https:\/\/portal.fgeo.gob.mx\/index.php\/wp-json\/wp\/v2\/comments?post=15645"}],"wp:featuredmedia":[{"embeddable":true,"href":"https:\/\/portal.fgeo.gob.mx\/index.php\/wp-json\/"}],"wp:attachment":[{"href":"https:\/\/portal.fgeo.gob.mx\/index.php\/wp-json\/wp\/v2\/media?parent=15645"}],"wp:term":[{"taxonomy":"post_tag","embeddable":true,"href":"https:\/\/portal.fgeo.gob.mx\/index.php\/wp-json\/wp\/v2\/tags?post=15645"},{"taxonomy":"categoria_noticias","embeddable":true,"href":"https:\/\/portal.fgeo.gob.mx\/index.php\/wp-json\/wp\/v2\/categoria_noticias?post=15645"}],"curies":[{"name":"wp","href":"https:\/\/api.w.org\/{rel}","templated":true}]}}