{"id":15644,"date":"2023-05-30T17:00:39","date_gmt":"2023-05-30T23:00:39","guid":{"rendered":"http:\/\/fge.oaxaca.gob.mx\/?post_type=noticias&amp;p=5041"},"modified":"2023-05-30T17:00:39","modified_gmt":"2023-05-30T23:00:39","slug":"atender-violencia-de-genero-desafio-que-requiere-estrategias-integrales-e-interinstitucionales-fiscal-de-oaxaca","status":"publish","type":"noticias","link":"https:\/\/portal.fgeo.gob.mx\/index.php\/archivos\/noticias\/atender-violencia-de-genero-desafio-que-requiere-estrategias-integrales-e-interinstitucionales-fiscal-de-oaxaca","title":{"rendered":"Atender violencia de g\u00e9nero, desaf\u00edo que requiere estrategias integrales e interinstitucionales: Fiscal de Oaxaca"},"content":{"rendered":"<p style=\"font-weight: 400; text-align: justify;\"><strong>Oaxaca de Ju\u00e1rez, Oax., a 30 de mayo de 2023<\/strong>.-\u00a0Al instalar las Mesas T\u00e9cnicas de Coordinaci\u00f3n Institucional para Promover el Acceso a la Justicia y la Atenci\u00f3n de Mujeres y Ni\u00f1as en el estado de Oaxaca, el Fiscal General, Bernardo Rodr\u00edguez Alamilla afirm\u00f3 que la instituci\u00f3n que encabeza ha puesto en marcha una estrategia integral de fortalecimiento a las \u00e1reas de procuraci\u00f3n de justicia para mujeres, con el objetivo de mandar un mensaje de no impunidad y cero tolerancia a los delitos de g\u00e9nero.<\/p>\n<p style=\"font-weight: 400; text-align: justify;\">Acompa\u00f1ado por la coordinadora de Pol\u00edticas P\u00fablicas para la Erradicaci\u00f3n de la Violencia y la directora de Fortalecimiento al Tejido Social de la Comisi\u00f3n Nacional para Prevenir y Erradicar la Violencia Contra las Mujeres (Conavim), Sayda Yadira Blanco Morf\u00edn y Mar\u00eda Rosa M\u00e1rquez Cabrera, respectivamente, dijo en materia de atenci\u00f3n a mujeres v\u00edctimas de violencia de g\u00e9nero existe un gran desaf\u00edo, que requiere la implementaci\u00f3n de acciones estrat\u00e9gicas e interinstitucionales.<\/p>\n<p style=\"font-weight: 400; text-align: justify;\">Ante\u00a0 la Secretaria de las Mujeres, Elisa Zepeda Lagunas; la Secretar\u00eda Ejecutiva del Sistema Estatal de Seguridad P\u00fablica, Karina Bar\u00f3n; la Defensora de los Derechos Humanos del Pueblo de Oaxaca, Elizabeth Lara Rodr\u00edguez; el Secretario de Seguridad y Protecci\u00f3n Ciudadana, Iv\u00e1n Garc\u00eda \u00c1lvarez; el delegado de la Secretar\u00eda de Gobernaci\u00f3n en Oaxaca, Jos\u00e9 Carlos Ordaz; el comisionado de Atenci\u00f3n a V\u00edctimas, H\u00e9ctor Vila Ortiz; Rodr\u00edguez Alamilla afirm\u00f3 que hacer efectivo el derecho de las mujeres a una vida libre de violencia requiere de esfuerzos coordinados estrat\u00e9gicamente que puedan garantizar su justiciabilidad.<\/p>\n<p style=\"font-weight: 400; text-align: justify;\">Enfatiz\u00f3 que, para atender eficazmente la violencia de g\u00e9nero, debe darse un lugar preponderante al enfoque preventivo, porque adem\u00e1s de garantizar justicia en este tipo de casos, se debe tener como prioridad evitarlos.<\/p>\n<p style=\"font-weight: 400; text-align: justify;\">En su intervenci\u00f3n, la directora de Reconstrucci\u00f3n del Tejido Social de la Conavim, Mar\u00eda Rosa M\u00e1rquez Cabrera sostuvo que, desde la Comisi\u00f3n Nacional para Prevenir y Erradicar la Violencia hay un inter\u00e9s especial en impulsar este tipo de acciones interinstitucionales que permitan contar con espacios de articulaci\u00f3n en los que se construya una forma distinta de atenci\u00f3n a las mujeres v\u00edctimas de violencia que permitan recuperar la credibilidad de la ciudadan\u00eda respecto a las instituciones.<\/p>\n<p style=\"font-weight: 400; text-align: justify;\">Y resalt\u00f3 que en la entidad hay un avance en el reconocimiento de la violencia de g\u00e9nero, que permite medir y atender la situaci\u00f3n, pues se ha observado que la Fiscal\u00eda General del Estado registra e investigan, bajo protocolo de feminicidio, las muertes violentas de mujeres, lo que es una muestra de la voluntad pol\u00edtica para atender los casos.<\/p>\n<p style=\"font-weight: 400; text-align: justify;\">Por su parte, la Secretar\u00eda Ejecutiva del Sistema Estatal de Seguridad P\u00fablica, Karina Bar\u00f3n celebr\u00f3 la instalaci\u00f3n de la mesa, dijo que Oaxaca es un ejemplo de articulaci\u00f3n de los tres niveles de Gobierno, enfatiz\u00f3 que el trabajo conjunto da resultados diferentes y puso como ejemplo las \u201cJornadas de paz para atender a las mujeres v\u00edctimas de violencia\u201d efectuadas en las distintas regiones de la entidad, en las que se realizan acciones preventivas.<\/p>\n<p style=\"font-weight: 400; text-align: justify;\">Por su parte, la Secretaria de las Mujeres Elisa Zepeda Lagunas dijo que la violencia contra las mujeres por raz\u00f3n de g\u00e9nero est\u00e1 en el centro de la agenda p\u00fablica con procesos de atenci\u00f3n a las v\u00edctimas en las que se les fortalezca, sin embargo, es necesario acercar estos esfuerzos como el de la mesa t\u00e9cnica a todos los rincones del estado.<\/p>\n<p style=\"font-weight: 400; text-align: justify;\">Finalmente, se instalaron las Mesas\u00a0T\u00e9cnicas de Coordinaci\u00f3n Institucional para Promover el Acceso a la Justicia y la Atenci\u00f3n de Mujeres y Ni\u00f1as en el estado de Oaxaca, mismas que son un espacio de coordinaci\u00f3n interinstitucional para promover el acceso a la justicia y la atenci\u00f3n de mujeres y ni\u00f1as, para dar seguimiento preciso a los casos de violencia de g\u00e9nero.<\/p>\n","protected":false},"author":1,"featured_media":3175,"comment_status":"closed","ping_status":"closed","template":"","tags":[],"categoria_noticias":[],"class_list":["post-15644","noticias","type-noticias","status-publish","has-post-thumbnail","hentry"],"acf":[],"mb":[],"mfb_rest_fields":["title","gutenberg_elementor_mode"],"_links":{"self":[{"href":"https:\/\/portal.fgeo.gob.mx\/index.php\/wp-json\/wp\/v2\/noticias\/15644","targetHints":{"allow":["GET"]}}],"collection":[{"href":"https:\/\/portal.fgeo.gob.mx\/index.php\/wp-json\/wp\/v2\/noticias"}],"about":[{"href":"https:\/\/portal.fgeo.gob.mx\/index.php\/wp-json\/wp\/v2\/types\/noticias"}],"author":[{"embeddable":true,"href":"https:\/\/portal.fgeo.gob.mx\/index.php\/wp-json\/wp\/v2\/users\/1"}],"replies":[{"embeddable":true,"href":"https:\/\/portal.fgeo.gob.mx\/index.php\/wp-json\/wp\/v2\/comments?post=15644"}],"wp:featuredmedia":[{"embeddable":true,"href":"https:\/\/portal.fgeo.gob.mx\/index.php\/wp-json\/"}],"wp:attachment":[{"href":"https:\/\/portal.fgeo.gob.mx\/index.php\/wp-json\/wp\/v2\/media?parent=15644"}],"wp:term":[{"taxonomy":"post_tag","embeddable":true,"href":"https:\/\/portal.fgeo.gob.mx\/index.php\/wp-json\/wp\/v2\/tags?post=15644"},{"taxonomy":"categoria_noticias","embeddable":true,"href":"https:\/\/portal.fgeo.gob.mx\/index.php\/wp-json\/wp\/v2\/categoria_noticias?post=15644"}],"curies":[{"name":"wp","href":"https:\/\/api.w.org\/{rel}","templated":true}]}}