{"id":15643,"date":"2023-05-30T15:17:11","date_gmt":"2023-05-30T21:17:11","guid":{"rendered":"http:\/\/fge.oaxaca.gob.mx\/?post_type=noticias&amp;p=5040"},"modified":"2023-05-30T15:17:11","modified_gmt":"2023-05-30T21:17:11","slug":"firman-convenio-fgeo-y-coordinacion-general-de-relaciones-internacionales-de-gobierno-de-oaxaca","status":"publish","type":"noticias","link":"https:\/\/portal.fgeo.gob.mx\/index.php\/archivos\/noticias\/firman-convenio-fgeo-y-coordinacion-general-de-relaciones-internacionales-de-gobierno-de-oaxaca","title":{"rendered":"Firman Convenio FGEO y Coordinaci\u00f3n General de Relaciones Internacionales de Gobierno de Oaxaca"},"content":{"rendered":"<p style=\"font-weight: 400; text-align: justify;\"><strong>Oaxaca de Ju\u00e1rez, Oax., a 30 de mayo de 2023.-\u00a0\u00a0<\/strong>El Fiscal General de Oaxaca, Bernardo Rodr\u00edguez Alamilla y la Coordinadora General Relaciones Internacionales del Gobierno del Estado, Maribel Cruz Rojas firmaron un convenio de colaboraci\u00f3n para la atenci\u00f3n integral de personas migrantes y turistas.<\/p>\n<p style=\"font-weight: 400; text-align: justify;\">Ante c\u00f3nsules de distintos pa\u00edses, as\u00ed como en presencia del presidente de la Junta de Coordinaci\u00f3n Pol\u00edtica de la LXV Legislatura del Congreso, Luis Alfonso Silva Romo; el titular de la FGEO anunci\u00f3 la creaci\u00f3n de la Unidad Operativa Especializada en Atenci\u00f3n a Personas Migrantes y al Turismo, misma que tiene como objetivo atender en materia de procuraci\u00f3n de justicia a personas que se encuentran en situaci\u00f3n de tr\u00e1nsito en la entidad.<\/p>\n<p style=\"font-weight: 400; text-align: justify;\">Con la firma de este convenio, as\u00ed como la creaci\u00f3n de la Unidad Especializada, sostuvo, se consolidan estrategias del proceso de reingenier\u00eda institucional, encaminadas a dotar de servicios accesibles y espec\u00edficos a los distintos grupos sociales, entre ellos, personas migrantes en tr\u00e1nsito y turistas.<\/p>\n<p style=\"font-weight: 400; text-align: justify;\">Agreg\u00f3 que con este convenio y la creaci\u00f3n de v\u00ednculos interinstitucionales se abren canales de comunicaci\u00f3n que permiten generar un andamiaje institucional que haga accesible a las personas migrantes y turistas el acceso a los procesos de procuraci\u00f3n de justicia, pues ambos sectores tienen ya una presencia importante en la entidad.<\/p>\n<p style=\"font-weight: 400; text-align: justify;\">A la firma de convenio asisti\u00f3 Isabelle Pioch, c\u00f3nsul honoraria de Francia; Roberto Wilson Soto, c\u00f3nsul general de El Salvador; Samantha Wattson, agente consular de Estados Unidos; Ingrid Santilli Swatson, c\u00f3nsul honorario de Italia; Maggie Roberts, c\u00f3nsul general de Reino Unido; Manuel Alonso, c\u00f3nsul honorario de Espa\u00f1a.<\/p>\n<p style=\"font-weight: 400; text-align: justify;\">Adem\u00e1s, estuvieron presentes Diego Fajardo, vicec\u00f3nsul de Guatemala; Marco Antonio Mart\u00ednez Guzm\u00e1n, jefe del Departamento Jur\u00eddico de la Coordinaci\u00f3n General de Relaciones Internacionales; Frida Yolanda Lyle Garc\u00eda, titular de la Unidad de Relaciones Internacionales del municipio de Oaxaca de Ju\u00e1rez y el Vicefiscal General de Zona Centro, Alejandro Ram\u00edrez Hern\u00e1ndez.<\/p>\n<p style=\"font-weight: 400; text-align: justify;\">Durante su intervenci\u00f3n, la coordinadora general de Relaciones Internacionales Maribel Cruz Rojas sostuvo que las autoridades deben sumar esfuerzos para garantizar los derechos humanos de todas y todos, esto implica que se deben establecer acciones que atiendan a sectores como el de personas migrantes en tr\u00e1nsito, as\u00ed como a las y los turistas que visitan la entidad.<\/p>\n<p style=\"font-weight: 400; text-align: justify;\">Y agreg\u00f3 que firmar este convenio con la Fiscal\u00eda General del Estado es permitir\u00e1 que los delitos de los que sean v\u00edctimas las personas migrantes, as\u00ed como las y los turistas puedan ser investigados en forma oportuna, as\u00ed como acercar otros servicios de la instituci\u00f3n para que conozcan que aun cuando no est\u00e1n en su pa\u00eds de origen, en la entidad existen mecanismos de atenci\u00f3n.<\/p>\n","protected":false},"author":1,"featured_media":3175,"comment_status":"closed","ping_status":"closed","template":"","tags":[],"categoria_noticias":[],"class_list":["post-15643","noticias","type-noticias","status-publish","has-post-thumbnail","hentry"],"acf":[],"mb":[],"mfb_rest_fields":["title","gutenberg_elementor_mode"],"_links":{"self":[{"href":"https:\/\/portal.fgeo.gob.mx\/index.php\/wp-json\/wp\/v2\/noticias\/15643","targetHints":{"allow":["GET"]}}],"collection":[{"href":"https:\/\/portal.fgeo.gob.mx\/index.php\/wp-json\/wp\/v2\/noticias"}],"about":[{"href":"https:\/\/portal.fgeo.gob.mx\/index.php\/wp-json\/wp\/v2\/types\/noticias"}],"author":[{"embeddable":true,"href":"https:\/\/portal.fgeo.gob.mx\/index.php\/wp-json\/wp\/v2\/users\/1"}],"replies":[{"embeddable":true,"href":"https:\/\/portal.fgeo.gob.mx\/index.php\/wp-json\/wp\/v2\/comments?post=15643"}],"wp:featuredmedia":[{"embeddable":true,"href":"https:\/\/portal.fgeo.gob.mx\/index.php\/wp-json\/"}],"wp:attachment":[{"href":"https:\/\/portal.fgeo.gob.mx\/index.php\/wp-json\/wp\/v2\/media?parent=15643"}],"wp:term":[{"taxonomy":"post_tag","embeddable":true,"href":"https:\/\/portal.fgeo.gob.mx\/index.php\/wp-json\/wp\/v2\/tags?post=15643"},{"taxonomy":"categoria_noticias","embeddable":true,"href":"https:\/\/portal.fgeo.gob.mx\/index.php\/wp-json\/wp\/v2\/categoria_noticias?post=15643"}],"curies":[{"name":"wp","href":"https:\/\/api.w.org\/{rel}","templated":true}]}}