{"id":15642,"date":"2023-05-30T17:27:58","date_gmt":"2023-05-30T23:27:58","guid":{"rendered":"http:\/\/fge.oaxaca.gob.mx\/?post_type=noticias&amp;p=5036"},"modified":"2023-05-30T17:27:58","modified_gmt":"2023-05-30T23:27:58","slug":"fiscalia-de-oaxaca-ejecuta-orden-de-aprehension-por-muerte-violenta-de-mujer-ocurrida-en-el-habito","status":"publish","type":"noticias","link":"https:\/\/portal.fgeo.gob.mx\/index.php\/archivos\/noticias\/fiscalia-de-oaxaca-ejecuta-orden-de-aprehension-por-muerte-violenta-de-mujer-ocurrida-en-el-habito","title":{"rendered":"Fiscal\u00eda de Oaxaca ejecuta orden de aprehensi\u00f3n por muerte violenta de mujer ocurrida en El Habito"},"content":{"rendered":"<p style=\"font-weight: 400; text-align: justify;\"><strong>Oaxaca de Ju\u00e1rez, Oax., a 29 de mayo de 2023.-\u00a0<\/strong>La Fiscal\u00eda General del Estado de Oaxaca (FGEO) ejecut\u00f3 una orden de aprehensi\u00f3n en contra de la persona del sexo masculino identificada como O. A. R. S., derivado de la muerte violenta de una mujer ocurrida dentro del bar \u201cEl h\u00e1bito\u201d, localizado en el centro de la ciudad de Oaxaca de Ju\u00e1rez.<\/p>\n<p style=\"font-weight: 400; text-align: justify;\">De acuerdo con el expediente penal, los hechos sucedieron el 21 de noviembre de 2021, dentro de un local comercial localizado en la calle de Allende, frente al templo de Santo Domingo de Guzm\u00e1n, en el Centro Hist\u00f3rico de la capital del estado.<\/p>\n<p style=\"font-weight: 400; text-align: justify;\">En el lugar, una mujer identificada por las iniciales Y. C. V., perdi\u00f3 la vida a consecuencia de una agresi\u00f3n armada, por lo que la FGEO inici\u00f3 las investigaciones, a trav\u00e9s de la Fiscal\u00eda Especializada para la Atenci\u00f3n de Delitos contra la Mujer por Raz\u00f3n de G\u00e9nero, bajo el Protocolo de Investigaci\u00f3n Ministerial, Policial y Pericial del Delito de Feminicidio.<\/p>\n<p style=\"font-weight: 400; text-align: justify;\">Como resultado de las indagatorias, se obtuvo una orden de aprehensi\u00f3n que se ejecut\u00f3 este 29 de mayo, en contra de O. A. R. S., quien ser\u00e1 presentado ante el Juez de control para determinar su situaci\u00f3n jur\u00eddica en las pr\u00f3ximas horas.<\/p>\n<p style=\"font-weight: 400; text-align: justify;\">En delitos contra la mujer por raz\u00f3n de g\u00e9nero, la Fiscal\u00eda de Oaxaca realiza investigaciones especializadas para tomar en cuenta las particularidades de las v\u00edctimas para brindar una atenci\u00f3n integral y multidisciplinaria en el proceso de procuraci\u00f3n\u00a0de\u00a0justicia.<\/p>\n","protected":false},"author":1,"featured_media":3175,"comment_status":"closed","ping_status":"closed","template":"","tags":[],"categoria_noticias":[],"class_list":["post-15642","noticias","type-noticias","status-publish","has-post-thumbnail","hentry"],"acf":[],"mb":[],"mfb_rest_fields":["title","gutenberg_elementor_mode"],"_links":{"self":[{"href":"https:\/\/portal.fgeo.gob.mx\/index.php\/wp-json\/wp\/v2\/noticias\/15642","targetHints":{"allow":["GET"]}}],"collection":[{"href":"https:\/\/portal.fgeo.gob.mx\/index.php\/wp-json\/wp\/v2\/noticias"}],"about":[{"href":"https:\/\/portal.fgeo.gob.mx\/index.php\/wp-json\/wp\/v2\/types\/noticias"}],"author":[{"embeddable":true,"href":"https:\/\/portal.fgeo.gob.mx\/index.php\/wp-json\/wp\/v2\/users\/1"}],"replies":[{"embeddable":true,"href":"https:\/\/portal.fgeo.gob.mx\/index.php\/wp-json\/wp\/v2\/comments?post=15642"}],"wp:featuredmedia":[{"embeddable":true,"href":"https:\/\/portal.fgeo.gob.mx\/index.php\/wp-json\/"}],"wp:attachment":[{"href":"https:\/\/portal.fgeo.gob.mx\/index.php\/wp-json\/wp\/v2\/media?parent=15642"}],"wp:term":[{"taxonomy":"post_tag","embeddable":true,"href":"https:\/\/portal.fgeo.gob.mx\/index.php\/wp-json\/wp\/v2\/tags?post=15642"},{"taxonomy":"categoria_noticias","embeddable":true,"href":"https:\/\/portal.fgeo.gob.mx\/index.php\/wp-json\/wp\/v2\/categoria_noticias?post=15642"}],"curies":[{"name":"wp","href":"https:\/\/api.w.org\/{rel}","templated":true}]}}