{"id":15641,"date":"2023-05-28T15:17:17","date_gmt":"2023-05-28T21:17:17","guid":{"rendered":"http:\/\/fge.oaxaca.gob.mx\/?post_type=noticias&amp;p=5035"},"modified":"2023-05-28T15:17:17","modified_gmt":"2023-05-28T21:17:17","slug":"avanza-reingenieria-institucional-de-la-fgeo-de-la-mano-de-las-y-los-trabajadores-rodriguez-alamilla","status":"publish","type":"noticias","link":"https:\/\/portal.fgeo.gob.mx\/index.php\/archivos\/noticias\/avanza-reingenieria-institucional-de-la-fgeo-de-la-mano-de-las-y-los-trabajadores-rodriguez-alamilla","title":{"rendered":"Avanza reingenier\u00eda institucional de la FGEO, de la mano de las y los trabajadores: Rodr\u00edguez Alamilla"},"content":{"rendered":"<p style=\"font-weight: 400; text-align: justify;\"><strong>Oaxaca de Ju\u00e1rez, Oax., a 28 de mayo de 2023<\/strong>.- Tras reconocer la labor de las y los trabajadores de la Fiscal\u00eda General del Estado de Oaxaca (FGEO), el titular de la instituci\u00f3n Bernardo Rodr\u00edguez Alamilla, afirm\u00f3 que la reingenier\u00eda iniciada en el organismo procurador de justicia avanza de la mano de la plantilla laboral.<\/p>\n<p style=\"font-weight: 400; text-align: justify;\">Durante un recorrido por las distintas \u00e1reas que conforman la Vicefiscal\u00eda Regional de la Cuenca, resalt\u00f3 la importancia de mantener cercan\u00eda permanente con quienes d\u00eda con d\u00eda brindan atenci\u00f3n a la sociedad, para establecer acciones que permitan mayor eficacia en las funciones de la instituci\u00f3n.<\/p>\n<p style=\"font-weight: 400; text-align: justify;\">Acompa\u00f1ado por la Vicefiscal Regional de la Cuenca, Edith Morales Celaya, resalt\u00f3 que es necesario establecer una relaci\u00f3n directa con la plantilla laboral para atender las necesidades de la misma, y bajo el contexto espec\u00edfico de cada zona.<\/p>\n<p style=\"font-weight: 400; text-align: justify;\">Detall\u00f3 que parte del proceso de reconfiguraci\u00f3n y fortalecimiento en las labores de investigaci\u00f3n y procuraci\u00f3n de justicia es reconocer que la instituci\u00f3n est\u00e1 hecha por personas, y por ello es primordial escuchar sus necesidades con el fin de dignificar sus condiciones de trabajo.<\/p>\n<p style=\"font-weight: 400; text-align: justify;\">Al reunirse con trabajadores administrativos, ministerios p\u00fablicos, agentes de investigaci\u00f3n y responsables de las diferentes \u00e1reas de la Vicefiscal\u00eda Regional de la Cuenca, les record\u00f3 que es necesario recuperar la confianza de las personas, por ello se requiere brindar una mejor atenci\u00f3n y buenos resultados a la sociedad oaxaque\u00f1a.<\/p>\n<p style=\"font-weight: 400; text-align: justify;\">El Fiscal General Bernardo Rodr\u00edguez Alamilla insisti\u00f3 en que es una prioridad de su administraci\u00f3n realizar una reingenier\u00eda institucional de la mano de las y los trabajadores para lograr establecer procesos de atenci\u00f3n integrales y eficientes para fortalecer el sistema de procuraci\u00f3n de justicia estatal.<\/p>\n","protected":false},"author":1,"featured_media":3175,"comment_status":"closed","ping_status":"closed","template":"","tags":[],"categoria_noticias":[],"class_list":["post-15641","noticias","type-noticias","status-publish","has-post-thumbnail","hentry"],"acf":[],"mb":[],"mfb_rest_fields":["title","gutenberg_elementor_mode"],"_links":{"self":[{"href":"https:\/\/portal.fgeo.gob.mx\/index.php\/wp-json\/wp\/v2\/noticias\/15641","targetHints":{"allow":["GET"]}}],"collection":[{"href":"https:\/\/portal.fgeo.gob.mx\/index.php\/wp-json\/wp\/v2\/noticias"}],"about":[{"href":"https:\/\/portal.fgeo.gob.mx\/index.php\/wp-json\/wp\/v2\/types\/noticias"}],"author":[{"embeddable":true,"href":"https:\/\/portal.fgeo.gob.mx\/index.php\/wp-json\/wp\/v2\/users\/1"}],"replies":[{"embeddable":true,"href":"https:\/\/portal.fgeo.gob.mx\/index.php\/wp-json\/wp\/v2\/comments?post=15641"}],"wp:featuredmedia":[{"embeddable":true,"href":"https:\/\/portal.fgeo.gob.mx\/index.php\/wp-json\/"}],"wp:attachment":[{"href":"https:\/\/portal.fgeo.gob.mx\/index.php\/wp-json\/wp\/v2\/media?parent=15641"}],"wp:term":[{"taxonomy":"post_tag","embeddable":true,"href":"https:\/\/portal.fgeo.gob.mx\/index.php\/wp-json\/wp\/v2\/tags?post=15641"},{"taxonomy":"categoria_noticias","embeddable":true,"href":"https:\/\/portal.fgeo.gob.mx\/index.php\/wp-json\/wp\/v2\/categoria_noticias?post=15641"}],"curies":[{"name":"wp","href":"https:\/\/api.w.org\/{rel}","templated":true}]}}