{"id":15639,"date":"2023-05-27T16:45:29","date_gmt":"2023-05-27T22:45:29","guid":{"rendered":"http:\/\/fge.oaxaca.gob.mx\/?post_type=noticias&amp;p=5033"},"modified":"2023-05-27T16:45:29","modified_gmt":"2023-05-27T22:45:29","slug":"fgeo-localiza-a-una-mujer-y-dos-ninas-reportadas-como-no-localizadas-en-la-mixteca","status":"publish","type":"noticias","link":"https:\/\/portal.fgeo.gob.mx\/index.php\/archivos\/noticias\/fgeo-localiza-a-una-mujer-y-dos-ninas-reportadas-como-no-localizadas-en-la-mixteca","title":{"rendered":"FGEO localiza a una mujer y dos ni\u00f1as reportadas como No Localizadas en la Mixteca"},"content":{"rendered":"<p style=\"text-align: justify;\"><b>Oaxaca de Ju\u00e1rez, Oax., a 27 de mayo de 2023<\/b>.- La Fiscal\u00eda General del Estado de Oaxaca, a trav\u00e9s de la Vicefiscal\u00eda Regional de la Mixteca, localiz\u00f3 a M.A.R.A. y a sus hijas A.G.C.R. y E.K.C.R., quienes fueron reportadas como no localizadas por sus familiares el pasado 24 de mayo.<\/p>\n<p style=\"text-align: justify;\">De acuerdo con la investigaci\u00f3n, las tres mujeres fueron vistas por \u00faltima vez el pasado 22 de mayo cuando salieron de su vivienda ubicada en la comunidad de San Miguel Allende, San Jorge Nuchita, por lo que, tras la denuncia, la Vicefiscal\u00eda Regional de la Mixteca aplic\u00f3 el protocolo de b\u00fasqueda.<\/p>\n<p style=\"text-align: justify;\">Luego de efectuar las indagatorias correspondientes, se logr\u00f3 la localizaci\u00f3n en Huajuapan de Le\u00f3n de la se\u00f1ora M.A.R.A. y las menores de edad A.G.C.R. y E.K.C.R.<\/p>\n<p style=\"text-align: justify;\">La Fiscal\u00eda General de Justicia del Estado de Oaxaca insisti\u00f3 que ante casos de personas desaparecidas y no localizadas realiza investigaciones exhaustivas que permitan brindar resultados que puedan dar tranquilidad y certeza a las v\u00edctimas directas e indirectas.<\/p>\n","protected":false},"author":1,"featured_media":3175,"comment_status":"closed","ping_status":"closed","template":"","tags":[],"categoria_noticias":[],"class_list":["post-15639","noticias","type-noticias","status-publish","has-post-thumbnail","hentry"],"acf":[],"mb":[],"mfb_rest_fields":["title","gutenberg_elementor_mode"],"_links":{"self":[{"href":"https:\/\/portal.fgeo.gob.mx\/index.php\/wp-json\/wp\/v2\/noticias\/15639","targetHints":{"allow":["GET"]}}],"collection":[{"href":"https:\/\/portal.fgeo.gob.mx\/index.php\/wp-json\/wp\/v2\/noticias"}],"about":[{"href":"https:\/\/portal.fgeo.gob.mx\/index.php\/wp-json\/wp\/v2\/types\/noticias"}],"author":[{"embeddable":true,"href":"https:\/\/portal.fgeo.gob.mx\/index.php\/wp-json\/wp\/v2\/users\/1"}],"replies":[{"embeddable":true,"href":"https:\/\/portal.fgeo.gob.mx\/index.php\/wp-json\/wp\/v2\/comments?post=15639"}],"wp:featuredmedia":[{"embeddable":true,"href":"https:\/\/portal.fgeo.gob.mx\/index.php\/wp-json\/"}],"wp:attachment":[{"href":"https:\/\/portal.fgeo.gob.mx\/index.php\/wp-json\/wp\/v2\/media?parent=15639"}],"wp:term":[{"taxonomy":"post_tag","embeddable":true,"href":"https:\/\/portal.fgeo.gob.mx\/index.php\/wp-json\/wp\/v2\/tags?post=15639"},{"taxonomy":"categoria_noticias","embeddable":true,"href":"https:\/\/portal.fgeo.gob.mx\/index.php\/wp-json\/wp\/v2\/categoria_noticias?post=15639"}],"curies":[{"name":"wp","href":"https:\/\/api.w.org\/{rel}","templated":true}]}}