{"id":15638,"date":"2023-05-27T16:32:17","date_gmt":"2023-05-27T22:32:17","guid":{"rendered":"http:\/\/fge.oaxaca.gob.mx\/?post_type=noticias&amp;p=5032"},"modified":"2023-05-27T16:32:17","modified_gmt":"2023-05-27T22:32:17","slug":"fgeo-localiza-en-queretaro-y-detienen-a-imputado-por-doble-homicidio-cometido-en-la-cuenca","status":"publish","type":"noticias","link":"https:\/\/portal.fgeo.gob.mx\/index.php\/archivos\/noticias\/fgeo-localiza-en-queretaro-y-detienen-a-imputado-por-doble-homicidio-cometido-en-la-cuenca","title":{"rendered":"FGEO localiza en Quer\u00e9taro y detienen a imputado por doble homicidio cometido en la Cuenca"},"content":{"rendered":"<p style=\"font-weight: 400; text-align: justify;\"><strong>Oaxaca de Ju\u00e1rez, Oax., a 27 de mayo de 2023.-\u00a0<\/strong>La Fiscal\u00eda General del Estado de Oaxaca (FGEO) ejecut\u00f3 una orden de aprehensi\u00f3n contra una persona del sexo masculino identificada como J. A. D., por un doble homicidio cometido en la regi\u00f3n de la Cuenca. La detenci\u00f3n del imputado se realiz\u00f3 derivado de una investigaci\u00f3n que estableci\u00f3 que la persona se encontraba en el estado de Quer\u00e9taro.<\/p>\n<p style=\"font-weight: 400; text-align: justify;\">Los hechos sucedieron el 7 de junio de 2020, en localidad de San Bartolo que est\u00e1 situada en el Municipio de San Juan Bautista Tuxtepec, donde un grupo de personas sufrieron un ataque armado derivado del cual fallecieron A. C. C. S. y E. V. M., adem\u00e1s que otras dos hombre -de identidad reservada- resultaron con lesiones.<\/p>\n<p style=\"font-weight: 400; text-align: justify;\">La FGEO intervino a trav\u00e9s de la Vicefiscal\u00eda Regional de la Cuenca que atrajo el caso para iniciar las investigaciones al respecto, las cuales ofrecieron las pruebas suficientes para obtener una orden de aprehensi\u00f3n en contra de J. A. D., de quien se estableci\u00f3 que se encontraba la ciudad de San Juan del R\u00edo en Quer\u00e9taro.<\/p>\n<p style=\"font-weight: 400; text-align: justify;\">La detenci\u00f3n del imputado se logr\u00f3 gracias la estrecha colaboraci\u00f3n interinstitucional entre la Fiscal\u00eda de Oaxaca con la Fiscal\u00eda General del Estado de Quer\u00e9taro.<\/p>\n<p style=\"font-weight: 400; text-align: justify;\">Luego de su captura, J. A. D. fue trasladado a la regi\u00f3n de Cuenca donde se llev\u00f3 a cabo la audiencia de comunicaci\u00f3n de imputaci\u00f3n derivada de la cual, el Juez que atiende la causa ratific\u00f3 como legal la detenci\u00f3n y fij\u00f3 el 29 de mayo de 2023 como la fecha para la audiencia de vinculaci\u00f3n a proceso.<\/p>\n<p style=\"font-weight: 400; text-align: justify;\">La investigaci\u00f3n rigurosa en casos de alto impacto y los convenios de colaboraci\u00f3n interinstitucional que establece la FGEO, son elementos clave para la resoluci\u00f3n de casos en los procesos de procuraci\u00f3n de justicia en Oaxaca.<\/p>\n","protected":false},"author":1,"featured_media":3175,"comment_status":"closed","ping_status":"closed","template":"","tags":[],"categoria_noticias":[],"class_list":["post-15638","noticias","type-noticias","status-publish","has-post-thumbnail","hentry"],"acf":[],"mb":[],"mfb_rest_fields":["title","gutenberg_elementor_mode"],"_links":{"self":[{"href":"https:\/\/portal.fgeo.gob.mx\/index.php\/wp-json\/wp\/v2\/noticias\/15638","targetHints":{"allow":["GET"]}}],"collection":[{"href":"https:\/\/portal.fgeo.gob.mx\/index.php\/wp-json\/wp\/v2\/noticias"}],"about":[{"href":"https:\/\/portal.fgeo.gob.mx\/index.php\/wp-json\/wp\/v2\/types\/noticias"}],"author":[{"embeddable":true,"href":"https:\/\/portal.fgeo.gob.mx\/index.php\/wp-json\/wp\/v2\/users\/1"}],"replies":[{"embeddable":true,"href":"https:\/\/portal.fgeo.gob.mx\/index.php\/wp-json\/wp\/v2\/comments?post=15638"}],"wp:featuredmedia":[{"embeddable":true,"href":"https:\/\/portal.fgeo.gob.mx\/index.php\/wp-json\/"}],"wp:attachment":[{"href":"https:\/\/portal.fgeo.gob.mx\/index.php\/wp-json\/wp\/v2\/media?parent=15638"}],"wp:term":[{"taxonomy":"post_tag","embeddable":true,"href":"https:\/\/portal.fgeo.gob.mx\/index.php\/wp-json\/wp\/v2\/tags?post=15638"},{"taxonomy":"categoria_noticias","embeddable":true,"href":"https:\/\/portal.fgeo.gob.mx\/index.php\/wp-json\/wp\/v2\/categoria_noticias?post=15638"}],"curies":[{"name":"wp","href":"https:\/\/api.w.org\/{rel}","templated":true}]}}