{"id":15636,"date":"2023-05-26T17:47:04","date_gmt":"2023-05-26T23:47:04","guid":{"rendered":"http:\/\/fge.oaxaca.gob.mx\/?post_type=noticias&amp;p=5030"},"modified":"2023-05-26T17:47:04","modified_gmt":"2023-05-26T23:47:04","slug":"por-homicidio-de-canadiense-ejecuta-fiscalia-de-oaxaca-orden-de-aprehension","status":"publish","type":"noticias","link":"https:\/\/portal.fgeo.gob.mx\/index.php\/archivos\/noticias\/por-homicidio-de-canadiense-ejecuta-fiscalia-de-oaxaca-orden-de-aprehension","title":{"rendered":"Por homicidio de canadiense, ejecuta Fiscal\u00eda de Oaxaca orden de aprehensi\u00f3n"},"content":{"rendered":"<p style=\"font-weight: 400; text-align: justify;\"><strong>Oaxaca de Ju\u00e1rez, Oax., a 26 de mayo de 2023.- \u00a0<\/strong>La Fiscal\u00eda General del Estado de Oaxaca (FGEO) ejecut\u00f3 una orden de aprehensi\u00f3n en contra de un hombre identificado como M. O. S. L., por su probable participaci\u00f3n en la comisi\u00f3n del delito de Homicidio Calificado con Ventaja, en agravio de una persona del sexo masculino de origen canadiense, identificada por las iniciales V. M., hechos ocurridos en la regi\u00f3n de la Costa.<\/p>\n<p style=\"font-weight: 400; text-align: justify;\">De acuerdo con el expediente penal, el cuerpo sin vida de la v\u00edctima fue localizado el 15 de mayo de 2023, al interior de su veh\u00edculo que estaba en calles de la colonia Arroyo Seco de Puerto Escondido, perteneciente al municipio de San Pedro Mixtepec.<\/p>\n<p style=\"font-weight: 400; text-align: justify;\">La polic\u00eda municipal del lugar dio aviso a la FGEO, por lo que el caso fue atra\u00eddo por la Vicefiscal\u00eda Regional de la Costa, que despleg\u00f3 un equipo multidisciplinario que proces\u00f3 la escena del crimen, donde aseguraron indicios hallados en el sitio con el objetivo de colaborar con las investigaciones en torno a este homicidio.<\/p>\n<p style=\"font-weight: 400; text-align: justify;\">A partir de los hallazgos e informaci\u00f3n obtenida, se establecieron s\u00f3lidas l\u00edneas de investigaci\u00f3n por las cuales se otorg\u00f3 la orden de aprehensi\u00f3n que permiti\u00f3 que elementos de la Agencia Estatal de Investigaciones detuvieran a M. O. S. L., en calles de Puerto Escondido, quien ser\u00e1 puesto a disposici\u00f3n del Juez que atiende la causa para que determine su situaci\u00f3n jur\u00eddica.<\/p>\n<p style=\"font-weight: 400; text-align: justify;\">La rigurosidad en las investigaciones que realiza la Fiscal\u00eda General del Estado de Oaxaca hacen posible realizar acciones contundentes para la resoluci\u00f3n de casos para la procuraci\u00f3n de justicia a favor de las v\u00edctimas directas\u00a0e\u00a0indirectas.<\/p>\n","protected":false},"author":1,"featured_media":3175,"comment_status":"closed","ping_status":"closed","template":"","tags":[],"categoria_noticias":[],"class_list":["post-15636","noticias","type-noticias","status-publish","has-post-thumbnail","hentry"],"acf":[],"mb":[],"mfb_rest_fields":["title","gutenberg_elementor_mode"],"_links":{"self":[{"href":"https:\/\/portal.fgeo.gob.mx\/index.php\/wp-json\/wp\/v2\/noticias\/15636","targetHints":{"allow":["GET"]}}],"collection":[{"href":"https:\/\/portal.fgeo.gob.mx\/index.php\/wp-json\/wp\/v2\/noticias"}],"about":[{"href":"https:\/\/portal.fgeo.gob.mx\/index.php\/wp-json\/wp\/v2\/types\/noticias"}],"author":[{"embeddable":true,"href":"https:\/\/portal.fgeo.gob.mx\/index.php\/wp-json\/wp\/v2\/users\/1"}],"replies":[{"embeddable":true,"href":"https:\/\/portal.fgeo.gob.mx\/index.php\/wp-json\/wp\/v2\/comments?post=15636"}],"wp:featuredmedia":[{"embeddable":true,"href":"https:\/\/portal.fgeo.gob.mx\/index.php\/wp-json\/"}],"wp:attachment":[{"href":"https:\/\/portal.fgeo.gob.mx\/index.php\/wp-json\/wp\/v2\/media?parent=15636"}],"wp:term":[{"taxonomy":"post_tag","embeddable":true,"href":"https:\/\/portal.fgeo.gob.mx\/index.php\/wp-json\/wp\/v2\/tags?post=15636"},{"taxonomy":"categoria_noticias","embeddable":true,"href":"https:\/\/portal.fgeo.gob.mx\/index.php\/wp-json\/wp\/v2\/categoria_noticias?post=15636"}],"curies":[{"name":"wp","href":"https:\/\/api.w.org\/{rel}","templated":true}]}}