{"id":15635,"date":"2023-05-25T18:31:36","date_gmt":"2023-05-26T00:31:36","guid":{"rendered":"http:\/\/fge.oaxaca.gob.mx\/?post_type=noticias&amp;p=5028"},"modified":"2023-05-25T18:31:36","modified_gmt":"2023-05-26T00:31:36","slug":"logra-fgeo-vinculacion-a-proceso-de-imputado-por-secuestro-cometido-en-la-costa","status":"publish","type":"noticias","link":"https:\/\/portal.fgeo.gob.mx\/index.php\/archivos\/noticias\/logra-fgeo-vinculacion-a-proceso-de-imputado-por-secuestro-cometido-en-la-costa","title":{"rendered":"Logra FGEO vinculaci\u00f3n a proceso de imputado por secuestro cometido en la Costa"},"content":{"rendered":"<p style=\"font-weight: 400; text-align: justify;\"><strong>Oaxaca de Ju\u00e1rez, Oax., a 25 de mayo de 2023.- \u00a0<\/strong>La Fiscal\u00eda General del Estado de Oaxaca (FGEO) obtuvo auto de vinculaci\u00f3n a proceso en contra de una persona del sexo masculino identificada como C. P. L., por el delito de Secuestro Agravado, cometido en la regi\u00f3n de la Costa.<\/p>\n<p style=\"font-weight: 400; text-align: justify;\">De acuerdo con el expediente penal, los hechos ocurrieron el 3 de diciembre de 2021, cuando la v\u00edctima (un hombre cuya identidad est\u00e1 reservada) sali\u00f3 de su domicilio rumbo al trabajo, cuando fue interceptado por un grupo de hombres armados en calles de la colonia La Soledad de Santiago Pinotepa Nacional, quienes se lo privaron ilegalmente de la libertad.<\/p>\n<p style=\"font-weight: 400; text-align: justify;\">Luego de retener a la v\u00edctima, los secuestradores se comunicaron con la familia para exigir dinero en efectivo a cambio de ponerlo en libertad.<\/p>\n<p style=\"font-weight: 400; text-align: justify;\">Despu\u00e9s de varias llamadas para la negociaci\u00f3n, la v\u00edctima qued\u00f3 en libertad. Enseguida dieron aviso a la Fiscal\u00eda de Oaxaca y es caso qued\u00f3 a cargo de la Fiscal\u00eda Especializada para la Atenci\u00f3n a Delitos de Alto impacto.<\/p>\n<p style=\"font-weight: 400; text-align: justify;\">Derivado de las investigaciones de la FGEO, fue posible dar con el paradero C. P L., quien qued\u00f3 a disposici\u00f3n del Juez y, tras evaluar las pruebas, dict\u00f3 auto de vinculaci\u00f3n a proceso en contra del imputado, por lo que impuso prisi\u00f3n preventiva y otorg\u00f3 cinco meses como plazo para el cierre de la investigaci\u00f3n complementaria.<\/p>\n<p style=\"font-weight: 400; text-align: justify;\">La intervenci\u00f3n oportuna e inmediata, luego de la denuncia, son factores clave para que la Fiscal\u00eda de Oaxaca realice un trabajo de investigaci\u00f3n efectivo para dar certeza y permitir que las v\u00edctimas tengan acceso pleno\u00a0a\u00a0la\u00a0justicia.<\/p>\n","protected":false},"author":1,"featured_media":3175,"comment_status":"closed","ping_status":"closed","template":"","tags":[],"categoria_noticias":[],"class_list":["post-15635","noticias","type-noticias","status-publish","has-post-thumbnail","hentry"],"acf":[],"mb":[],"mfb_rest_fields":["title","gutenberg_elementor_mode"],"_links":{"self":[{"href":"https:\/\/portal.fgeo.gob.mx\/index.php\/wp-json\/wp\/v2\/noticias\/15635","targetHints":{"allow":["GET"]}}],"collection":[{"href":"https:\/\/portal.fgeo.gob.mx\/index.php\/wp-json\/wp\/v2\/noticias"}],"about":[{"href":"https:\/\/portal.fgeo.gob.mx\/index.php\/wp-json\/wp\/v2\/types\/noticias"}],"author":[{"embeddable":true,"href":"https:\/\/portal.fgeo.gob.mx\/index.php\/wp-json\/wp\/v2\/users\/1"}],"replies":[{"embeddable":true,"href":"https:\/\/portal.fgeo.gob.mx\/index.php\/wp-json\/wp\/v2\/comments?post=15635"}],"wp:featuredmedia":[{"embeddable":true,"href":"https:\/\/portal.fgeo.gob.mx\/index.php\/wp-json\/"}],"wp:attachment":[{"href":"https:\/\/portal.fgeo.gob.mx\/index.php\/wp-json\/wp\/v2\/media?parent=15635"}],"wp:term":[{"taxonomy":"post_tag","embeddable":true,"href":"https:\/\/portal.fgeo.gob.mx\/index.php\/wp-json\/wp\/v2\/tags?post=15635"},{"taxonomy":"categoria_noticias","embeddable":true,"href":"https:\/\/portal.fgeo.gob.mx\/index.php\/wp-json\/wp\/v2\/categoria_noticias?post=15635"}],"curies":[{"name":"wp","href":"https:\/\/api.w.org\/{rel}","templated":true}]}}