{"id":15633,"date":"2023-05-24T20:57:51","date_gmt":"2023-05-25T02:57:51","guid":{"rendered":"http:\/\/fge.oaxaca.gob.mx\/?post_type=noticias&amp;p=5026"},"modified":"2023-05-24T20:57:51","modified_gmt":"2023-05-25T02:57:51","slug":"fiscalia-de-oaxaca-obtiene-fallo-condenatorio-contra-una-mujer-por-homicidio-cometido-en-la-calle-j-p-garcia","status":"publish","type":"noticias","link":"https:\/\/portal.fgeo.gob.mx\/index.php\/archivos\/noticias\/fiscalia-de-oaxaca-obtiene-fallo-condenatorio-contra-una-mujer-por-homicidio-cometido-en-la-calle-j-p-garcia","title":{"rendered":"Fiscal\u00eda de Oaxaca obtiene fallo condenatorio contra una mujer, por homicidio cometido en la calle J. P. Garc\u00eda"},"content":{"rendered":"<p style=\"font-weight: 400; text-align: justify;\"><strong>Oaxaca de Ju\u00e1rez, Oax., a 24 de mayo de 2023.-\u00a0<\/strong>La Fiscal\u00eda General del Estado de Oaxaca (FGEO) obtuvo fallo condenatorio contra la mujer identificada como L. S. C., por el homicidio del empresario transportista J. O. M. y su esposa G. C. H. M., delito cometido el 7 diciembre de 2019, en la ciudad de Oaxaca de Ju\u00e1rez.<\/p>\n<p style=\"font-weight: 400; text-align: justify;\">La imputada fue aprehendida por Agentes Estales de Investigaci\u00f3n el 26 de junio de 2020 en la capital oaxaque\u00f1a, luego de que la Fiscal\u00eda Especializada en Atenci\u00f3n a Delitos de Alto Impacto efectuara las investigaciones correspondientes.<\/p>\n<p style=\"font-weight: 400; text-align: justify;\">De acuerdo con la causa penal, el 7 de diciembre de 2019, L. S. C. -en compa\u00f1\u00eda de otros sujetos-, lleg\u00f3 al domicilio particular de las v\u00edctimas, ubicado sobre la calle J. P. Garc\u00eda, colonia Centro del municipio de Oaxaca, donde privaron de la vida a G. C. H. M. y a J. O. M.<\/p>\n<p style=\"font-weight: 400; text-align: justify;\">Ante estos hechos, la Instituci\u00f3n de procuraci\u00f3n de justicia dio inicio a una rigurosa investigaci\u00f3n \u2013a trav\u00e9s de la Fiscal\u00eda Especializada en Atenci\u00f3n a Delitos de Alto Impacto-, logrando identificar, aprehender y llevar ante el Juzgado de Control a la imputada.<\/p>\n<p style=\"font-weight: 400; text-align: justify;\">En audiencia, y luego de que la FGEO aportara los datos de prueba suficientes, la Jueza del Tribunal Unitario de Enjuiciamiento dict\u00f3 fallo condenatorio en contra de L. S. C., como responsable del\u00a0 homicidio calificado con ventaja, adem\u00e1s de establecer el 29 de mayo del 2023 para la lectura de sentencia.<\/p>\n<p style=\"font-weight: 400; text-align: justify;\">La Fiscal\u00eda General refrenda su compromiso de llevar ante la justicia y sin distingo a quien o quienes cometen delitos que laceran el tejido social de Oaxaca.<\/p>\n","protected":false},"author":1,"featured_media":3175,"comment_status":"closed","ping_status":"closed","template":"","tags":[],"categoria_noticias":[],"class_list":["post-15633","noticias","type-noticias","status-publish","has-post-thumbnail","hentry"],"acf":[],"mb":[],"mfb_rest_fields":["title","gutenberg_elementor_mode"],"_links":{"self":[{"href":"https:\/\/portal.fgeo.gob.mx\/index.php\/wp-json\/wp\/v2\/noticias\/15633","targetHints":{"allow":["GET"]}}],"collection":[{"href":"https:\/\/portal.fgeo.gob.mx\/index.php\/wp-json\/wp\/v2\/noticias"}],"about":[{"href":"https:\/\/portal.fgeo.gob.mx\/index.php\/wp-json\/wp\/v2\/types\/noticias"}],"author":[{"embeddable":true,"href":"https:\/\/portal.fgeo.gob.mx\/index.php\/wp-json\/wp\/v2\/users\/1"}],"replies":[{"embeddable":true,"href":"https:\/\/portal.fgeo.gob.mx\/index.php\/wp-json\/wp\/v2\/comments?post=15633"}],"wp:featuredmedia":[{"embeddable":true,"href":"https:\/\/portal.fgeo.gob.mx\/index.php\/wp-json\/"}],"wp:attachment":[{"href":"https:\/\/portal.fgeo.gob.mx\/index.php\/wp-json\/wp\/v2\/media?parent=15633"}],"wp:term":[{"taxonomy":"post_tag","embeddable":true,"href":"https:\/\/portal.fgeo.gob.mx\/index.php\/wp-json\/wp\/v2\/tags?post=15633"},{"taxonomy":"categoria_noticias","embeddable":true,"href":"https:\/\/portal.fgeo.gob.mx\/index.php\/wp-json\/wp\/v2\/categoria_noticias?post=15633"}],"curies":[{"name":"wp","href":"https:\/\/api.w.org\/{rel}","templated":true}]}}