{"id":15632,"date":"2023-05-24T15:57:54","date_gmt":"2023-05-24T21:57:54","guid":{"rendered":"http:\/\/fge.oaxaca.gob.mx\/?post_type=noticias&amp;p=5025"},"modified":"2023-05-24T15:57:54","modified_gmt":"2023-05-24T21:57:54","slug":"investigacion-de-fiscalia-de-oaxaca-permite-detencion-en-estados-unidos-de-imputado-y-vinculacion-a-proceso-por-homicidio-cometido-en-santa-cruz-amilpas","status":"publish","type":"noticias","link":"https:\/\/portal.fgeo.gob.mx\/index.php\/archivos\/noticias\/investigacion-de-fiscalia-de-oaxaca-permite-detencion-en-estados-unidos-de-imputado-y-vinculacion-a-proceso-por-homicidio-cometido-en-santa-cruz-amilpas","title":{"rendered":"Investigaci\u00f3n de Fiscal\u00eda de Oaxaca, permite detenci\u00f3n en Estados Unidos de imputado y vinculaci\u00f3n a proceso por homicidio cometido en Santa Cruz Amilpas"},"content":{"rendered":"<p style=\"font-weight: 400; text-align: justify;\"><strong>Oaxaca de Ju\u00e1rez, Oax., a 24 de mayo de 2023.- \u00a0<\/strong>Derivado de la investigaci\u00f3n encabezada por la Fiscal\u00eda General del Estado de Oaxaca (FGEO), una persona del sexo masculino identificada por las iniciales V. M. A. B. fue detenida en Estados Unidos y trasladada a la entidad donde qued\u00f3 vinculado a proceso al enfrentar cargos por el delito de homicidio calificado, cometido en el municipio de Santa Cruz Amilpas, en la Zona Metropolitana de Valles Centrales.<\/p>\n<p style=\"font-weight: 400; text-align: justify;\">El imputado fue localizado y detenido en los Estados Unidos de Norteam\u00e9rica, de donde fue deportado el pasado 17 de mayo de 2023. Al entrar a territorio nacional se le ejecut\u00f3 una orden de aprehensi\u00f3n en la ciudad de Matamoros en Tamaulipas.<\/p>\n<p style=\"font-weight: 400; text-align: justify;\">Como resultado de los trabajos de colaboraci\u00f3n interinstitucional entre la Fiscal\u00eda General de Justicia del Estado de Tamaulipas y la FGEO, elementos de la Agencia Estatal de Investigaciones de Oaxaca trasladaron a la entidad a V. M. A. B.<\/p>\n<p style=\"font-weight: 400; text-align: justify;\">Este mi\u00e9rcoles 24 de mayo, el Juez vincul\u00f3 a proceso al imputado y dict\u00f3 como medida cautelar la prisi\u00f3n preventiva, adem\u00e1s que otorg\u00f3 dos meses para el cierre de la investigaci\u00f3n complementaria.<\/p>\n<p style=\"font-weight: 400; text-align: justify;\">De acuerdo con el expediente penal, los hechos sucedieron el 6 de mayo de 2019, cuando la v\u00edctima, un hombre identificado como P. G. R., caminaba por la calle Ignacio Zaragoza del municipio de Santa Cruz Amilpas, donde fue agredido a balazos sufriendo lesiones que terminaron con su vida.<\/p>\n<p style=\"font-weight: 400; text-align: justify;\">Los trabajos realizados por la Fiscal\u00eda Especializada para la Atenci\u00f3n a Delitos de Alto Impacto se realizan con un equipo multidisciplinario para considerar las diversas aristas en b\u00fasqueda de la resoluci\u00f3n\u00a0de\u00a0casos.<\/p>\n","protected":false},"author":1,"featured_media":3175,"comment_status":"closed","ping_status":"closed","template":"","tags":[],"categoria_noticias":[],"class_list":["post-15632","noticias","type-noticias","status-publish","has-post-thumbnail","hentry"],"acf":[],"mb":[],"mfb_rest_fields":["title","gutenberg_elementor_mode"],"_links":{"self":[{"href":"https:\/\/portal.fgeo.gob.mx\/index.php\/wp-json\/wp\/v2\/noticias\/15632","targetHints":{"allow":["GET"]}}],"collection":[{"href":"https:\/\/portal.fgeo.gob.mx\/index.php\/wp-json\/wp\/v2\/noticias"}],"about":[{"href":"https:\/\/portal.fgeo.gob.mx\/index.php\/wp-json\/wp\/v2\/types\/noticias"}],"author":[{"embeddable":true,"href":"https:\/\/portal.fgeo.gob.mx\/index.php\/wp-json\/wp\/v2\/users\/1"}],"replies":[{"embeddable":true,"href":"https:\/\/portal.fgeo.gob.mx\/index.php\/wp-json\/wp\/v2\/comments?post=15632"}],"wp:featuredmedia":[{"embeddable":true,"href":"https:\/\/portal.fgeo.gob.mx\/index.php\/wp-json\/"}],"wp:attachment":[{"href":"https:\/\/portal.fgeo.gob.mx\/index.php\/wp-json\/wp\/v2\/media?parent=15632"}],"wp:term":[{"taxonomy":"post_tag","embeddable":true,"href":"https:\/\/portal.fgeo.gob.mx\/index.php\/wp-json\/wp\/v2\/tags?post=15632"},{"taxonomy":"categoria_noticias","embeddable":true,"href":"https:\/\/portal.fgeo.gob.mx\/index.php\/wp-json\/wp\/v2\/categoria_noticias?post=15632"}],"curies":[{"name":"wp","href":"https:\/\/api.w.org\/{rel}","templated":true}]}}