{"id":15631,"date":"2023-05-23T17:43:24","date_gmt":"2023-05-23T23:43:24","guid":{"rendered":"http:\/\/fge.oaxaca.gob.mx\/?post_type=noticias&amp;p=5024"},"modified":"2023-05-23T17:43:24","modified_gmt":"2023-05-23T23:43:24","slug":"participa-fiscalia-de-oaxaca-en-programa-nacional-de-busqueda-de-personas","status":"publish","type":"noticias","link":"https:\/\/portal.fgeo.gob.mx\/index.php\/archivos\/noticias\/participa-fiscalia-de-oaxaca-en-programa-nacional-de-busqueda-de-personas","title":{"rendered":"Participa Fiscal\u00eda de Oaxaca en Programa Nacional de b\u00fasqueda de personas"},"content":{"rendered":"<p style=\"font-weight: 400; text-align: justify;\"><strong>Oaxaca de Ju\u00e1rez, Oax., a 23 de mayo de 2023.- \u00a0<\/strong>La Fiscal\u00eda General del Estado de Oaxaca (FGEO), a trav\u00e9s de la Vicefiscal\u00eda General de Atenci\u00f3n a V\u00edctimas y a la Sociedad, con base en los est\u00e1ndares del \u201cProtocolo Homologado de B\u00fasqueda de Personas Desaparecidos o No Localizadas\u201d, particip\u00f3 en las acciones realizadas en el marco del \u201cPrograma Nacional para la B\u00fasqueda Generalizada de Personas en Vida\u201d, efectuadas en las ocho regiones de la entidad.<\/p>\n<p style=\"font-weight: 400; text-align: justify;\">Las c\u00e9lulas de b\u00fasqueda estuvieron encabezadas por la Unidad de B\u00fasqueda de Personas No Localizadas y las Vicefiscal\u00edas Regionales de la FGEO, las cuales trabajaron en estrecha colaboraci\u00f3n con personal de la Coordinaci\u00f3n para la Atenci\u00f3n de los Derechos Humanos (CADH), Secretar\u00eda de Bienestar de la delegaci\u00f3n local, e integrantes de la Comisi\u00f3n Estatal de B\u00fasqueda de Personas Desaparecidas para el Estado de Oaxaca.<\/p>\n<p style=\"font-weight: 400; text-align: justify;\">Este operativo coordinado fue resultado de un cruce de informaci\u00f3n entre diversas instituciones, que permiti\u00f3 obtener datos de personas registradas como no localizadas, por lo que los equipos de b\u00fasqueda acudieron a los lugares indicados para corroborar los mismos y dar certeza a las investigaciones.<\/p>\n<p style=\"font-weight: 400; text-align: justify;\">Las c\u00e9lulas de b\u00fasqueda acudieron a diversas comunidades de las regiones de la Mixteca, Valles Centrales, Ca\u00f1ada, Cuenca, Istmo, Costa, Sierras \u201cJu\u00e1rez\u201d y Sur, durante los nueve d\u00edas que se realizaron labores ce\u00f1idas a la campa\u00f1a que inici\u00f3 el 9 de mayo y concluy\u00f3 el 17 del mismo mes, gracias a la que se logr\u00f3 la localizaci\u00f3n de 22 personas, que ten\u00edan reporte de no localizadas.<\/p>\n<p style=\"font-weight: 400; text-align: justify;\">El organismo aut\u00f3nomo detall\u00f3 que, de las 22 personas localizadas, 20 de ellas est\u00e1n con vida, adem\u00e1s hay 12 personas con posible localizaci\u00f3n, corrobor\u00e1ndose actualmente su existencia para afirmar que han sido encontradas.<\/p>\n<p style=\"font-weight: 400; text-align: justify;\">La Fiscal\u00eda General del Estado reitera su compromiso para realizar investigaciones m\u00e1s eficaces, que en los casos necesarios incluyan la colaboraci\u00f3n y alianzas interinstitucionales que brindan resultados que beneficien a las v\u00edctimas, adem\u00e1s de mantener de manera permanente la b\u00fasqueda de personas.<\/p>\n","protected":false},"author":1,"featured_media":3175,"comment_status":"closed","ping_status":"closed","template":"","tags":[],"categoria_noticias":[],"class_list":["post-15631","noticias","type-noticias","status-publish","has-post-thumbnail","hentry"],"acf":[],"mb":[],"mfb_rest_fields":["title","gutenberg_elementor_mode"],"_links":{"self":[{"href":"https:\/\/portal.fgeo.gob.mx\/index.php\/wp-json\/wp\/v2\/noticias\/15631","targetHints":{"allow":["GET"]}}],"collection":[{"href":"https:\/\/portal.fgeo.gob.mx\/index.php\/wp-json\/wp\/v2\/noticias"}],"about":[{"href":"https:\/\/portal.fgeo.gob.mx\/index.php\/wp-json\/wp\/v2\/types\/noticias"}],"author":[{"embeddable":true,"href":"https:\/\/portal.fgeo.gob.mx\/index.php\/wp-json\/wp\/v2\/users\/1"}],"replies":[{"embeddable":true,"href":"https:\/\/portal.fgeo.gob.mx\/index.php\/wp-json\/wp\/v2\/comments?post=15631"}],"wp:featuredmedia":[{"embeddable":true,"href":"https:\/\/portal.fgeo.gob.mx\/index.php\/wp-json\/"}],"wp:attachment":[{"href":"https:\/\/portal.fgeo.gob.mx\/index.php\/wp-json\/wp\/v2\/media?parent=15631"}],"wp:term":[{"taxonomy":"post_tag","embeddable":true,"href":"https:\/\/portal.fgeo.gob.mx\/index.php\/wp-json\/wp\/v2\/tags?post=15631"},{"taxonomy":"categoria_noticias","embeddable":true,"href":"https:\/\/portal.fgeo.gob.mx\/index.php\/wp-json\/wp\/v2\/categoria_noticias?post=15631"}],"curies":[{"name":"wp","href":"https:\/\/api.w.org\/{rel}","templated":true}]}}