{"id":15630,"date":"2023-05-22T16:39:49","date_gmt":"2023-05-22T22:39:49","guid":{"rendered":"http:\/\/fge.oaxaca.gob.mx\/?post_type=noticias&#038;p=5019"},"modified":"2026-01-26T15:47:42","modified_gmt":"2026-01-26T21:47:42","slug":"capacitacion-permanente-clave-en-las-investigaciones-judiciales-de-la-fgeo-rodriguez-alamilla","status":"publish","type":"noticias","link":"https:\/\/portal.fgeo.gob.mx\/index.php\/archivos\/noticias\/capacitacion-permanente-clave-en-las-investigaciones-judiciales-de-la-fgeo-rodriguez-alamilla","title":{"rendered":"Capacitaci\u00f3n permanente, clave en las investigaciones judiciales de la FGEO &#8211; Rodr\u00edguez Alamilla"},"content":{"rendered":"<p style=\"font-weight: 400; text-align: center;\"><img fetchpriority=\"high\" decoding=\"async\" class=\"alignnone size-full wp-image-20855\" src=\"https:\/\/portal.fgeo.gob.mx\/minio\/pagina\/wp-content\/uploads\/2023\/05\/22-mayo-Capacitaciones-permanentes-clave-en-las-investigaciones-judiciales-1-300x175-1.jpg\" alt=\"\" width=\"300\" height=\"175\" \/><\/p>\n<p style=\"font-weight: 400; text-align: justify;\"><strong>Oaxaca de Ju\u00e1rez, Oax., a 22 de abril de 2023.- \u00a0<\/strong>El Fiscal General del Estado de Oaxaca, Bernardo Rodr\u00edguez Alamilla clausur\u00f3 el programa de capacitaci\u00f3n del personal pericial en Procesamiento de la Escena del Crimen (Crime Scene Investigation, CSI, por sus siglas en ingl\u00e9s) dirigido a criminalistas del Instituto de Servicios Periciales y elementos de la Agencia Estatal de Investigaciones (AEI).<\/p>\n<p style=\"font-weight: 400; text-align: justify;\">El curso permiti\u00f3 capacitar al personal de la Fiscal\u00eda en el procesamiento de las escenas del crimen y la preservaci\u00f3n de pruebas para adherirlas a las investigaciones de casos, adem\u00e1s de llevarlas a audiencias.<\/p>\n<p style=\"font-weight: 400; text-align: justify;\">\u201cLa preparaci\u00f3n constante es clave para la mejora de la instituci\u00f3n y nuestro objetivo de hacer una reingenier\u00eda de forma y fondo para que los resultados que ofrecemos a la ciudadan\u00eda, principalmente a las v\u00edctimas, les permitan tener certeza jur\u00eddica, as\u00ed como acceso a la justicia y la reparaci\u00f3n del da\u00f1o\u201d, se\u00f1al\u00f3 Rodr\u00edguez Alamilla quien estuvo acompa\u00f1ado del director del Instituto de Servicios Periciales, Jorge G\u00f3mez Guerrero.<\/p>\n<p style=\"font-weight: 400; text-align: justify;\">Para el cierre del curso, se realiz\u00f3 la simulaci\u00f3n de una audiencia en la cual se reprodujo el proceso de presentaci\u00f3n de pruebas, elemento prioritario en los juicios pues, la validez de los aportes periciales es clave para el acceso pleno a la justicia, por lo que el rigor metodol\u00f3gico establece l\u00edneas s\u00f3lidas para respaldar y sustentar el trabajo de investigaci\u00f3n que encabezan los agentes del Ministerio P\u00fablico.<\/p>\n<p style=\"font-weight: 400; text-align: justify;\">Adem\u00e1s de reconocer el trabajo cotidiano del peritos y agentes de la AEI, el Fiscal Bernardo Rodr\u00edguez Alamilla, precis\u00f3 que la educaci\u00f3n continua del personal operativo de este organismo aut\u00f3nomo, permite robustecer y generar estrategias que sirvan como herramientas en la b\u00fasqueda de la verdad para las v\u00edctimas.<\/p>\n<p style=\"font-weight: 400; text-align: justify;\">Con la intervenci\u00f3n del personal de la Fiscal\u00eda que desempe\u00f1aron roles como defensores, jueces y testigos expertos, fue posible recrear el rigor con el que se desarrollan las audiencias dentro de los juicios para comprender la exigencia del sistema de justicia y tenerlo presente al momento de realizar el trabajo en el lugar\u00a0de\u00a0los\u00a0hechos.<\/p>\n","protected":false},"author":1,"featured_media":5020,"comment_status":"closed","ping_status":"closed","template":"","tags":[],"categoria_noticias":[],"class_list":["post-15630","noticias","type-noticias","status-publish","has-post-thumbnail","hentry"],"acf":[],"mb":[],"mfb_rest_fields":["title","gutenberg_elementor_mode"],"_links":{"self":[{"href":"https:\/\/portal.fgeo.gob.mx\/index.php\/wp-json\/wp\/v2\/noticias\/15630","targetHints":{"allow":["GET"]}}],"collection":[{"href":"https:\/\/portal.fgeo.gob.mx\/index.php\/wp-json\/wp\/v2\/noticias"}],"about":[{"href":"https:\/\/portal.fgeo.gob.mx\/index.php\/wp-json\/wp\/v2\/types\/noticias"}],"author":[{"embeddable":true,"href":"https:\/\/portal.fgeo.gob.mx\/index.php\/wp-json\/wp\/v2\/users\/1"}],"replies":[{"embeddable":true,"href":"https:\/\/portal.fgeo.gob.mx\/index.php\/wp-json\/wp\/v2\/comments?post=15630"}],"wp:featuredmedia":[{"embeddable":true,"href":"https:\/\/portal.fgeo.gob.mx\/index.php\/wp-json\/"}],"wp:attachment":[{"href":"https:\/\/portal.fgeo.gob.mx\/index.php\/wp-json\/wp\/v2\/media?parent=15630"}],"wp:term":[{"taxonomy":"post_tag","embeddable":true,"href":"https:\/\/portal.fgeo.gob.mx\/index.php\/wp-json\/wp\/v2\/tags?post=15630"},{"taxonomy":"categoria_noticias","embeddable":true,"href":"https:\/\/portal.fgeo.gob.mx\/index.php\/wp-json\/wp\/v2\/categoria_noticias?post=15630"}],"curies":[{"name":"wp","href":"https:\/\/api.w.org\/{rel}","templated":true}]}}