{"id":15629,"date":"2023-05-19T17:00:46","date_gmt":"2023-05-19T23:00:46","guid":{"rendered":"http:\/\/fge.oaxaca.gob.mx\/?post_type=noticias&amp;p=5018"},"modified":"2023-05-19T17:00:46","modified_gmt":"2023-05-19T23:00:46","slug":"queda-vinculado-a-proceso-por-abuso-sexual-cometido-en-contra-de-una-menor-de-edad-fiscalia-de-oaxaca","status":"publish","type":"noticias","link":"https:\/\/portal.fgeo.gob.mx\/index.php\/archivos\/noticias\/queda-vinculado-a-proceso-por-abuso-sexual-cometido-en-contra-de-una-menor-de-edad-fiscalia-de-oaxaca","title":{"rendered":"Queda vinculado a proceso por abuso sexual cometido en contra de una menor de edad: Fiscal\u00eda de Oaxaca"},"content":{"rendered":"<p style=\"font-weight: 400; text-align: justify;\"><strong>Oaxaca de Ju\u00e1rez, Oax., a 19 de mayo de 2023.-\u00a0<\/strong>Como parte de los resultados obtenidos derivado de las investigaciones realizadas con perspectiva de g\u00e9nero, la Fiscal\u00eda General del Estado de Oaxaca (FGEO) obtuvo vinculaci\u00f3n a proceso en contra de la persona del sexo masculino identificada como A. C. J., imputado por el delito de Abuso Sexual Agravado, cometido en contra de una mejor de edad en la regi\u00f3n de la Costa.<\/p>\n<p style=\"font-weight: 400; text-align: justify;\">De acuerdo con el expediente penal, los hechos ocurrieron el 5 de mayo de 2017, en el interior de un domicilio particular de Santa Mar\u00eda Huatulco, donde la v\u00edctima sufri\u00f3 un ataque sexual.<\/p>\n<p style=\"font-weight: 400; text-align: justify;\">Luego de recibir la denuncia por este delito, la FGEO inici\u00f3 las investigaciones correspondientes a trav\u00e9s de la Vicefiscal\u00eda Regional de la Costa que reuni\u00f3 las pruebas suficientes por las cuales se emiti\u00f3 la orden de aprehensi\u00f3n en contra de A. C. J., quien fue detenidos por elementos de la Agencia Estatal de Investigaciones.<\/p>\n<p style=\"font-weight: 400; text-align: justify;\">El imputado qued\u00f3 a disposici\u00f3n del Juez que atiende la causa, quien dict\u00f3 auto de vinculaci\u00f3n a proceso en contra de A. C. J., por el delito de Abuso Sexual Agravado, adem\u00e1s que impuso prisi\u00f3n preventiva y concedi\u00f3 un mes de plazo de investigaci\u00f3n complementaria.<\/p>\n<p style=\"font-weight: 400; text-align: justify;\">La resoluci\u00f3n de casos por delitos sexuales es prioritaria para la Fiscal\u00eda de Oaxaca, principalmente cuando las v\u00edctimas son menores de edad, por lo que se realizan investigaciones rigurosas y expeditas para permitir el pleno acceso a la justicia.<\/p>\n","protected":false},"author":1,"featured_media":3175,"comment_status":"closed","ping_status":"closed","template":"","tags":[],"categoria_noticias":[],"class_list":["post-15629","noticias","type-noticias","status-publish","has-post-thumbnail","hentry"],"acf":[],"mb":[],"mfb_rest_fields":["title","gutenberg_elementor_mode"],"_links":{"self":[{"href":"https:\/\/portal.fgeo.gob.mx\/index.php\/wp-json\/wp\/v2\/noticias\/15629","targetHints":{"allow":["GET"]}}],"collection":[{"href":"https:\/\/portal.fgeo.gob.mx\/index.php\/wp-json\/wp\/v2\/noticias"}],"about":[{"href":"https:\/\/portal.fgeo.gob.mx\/index.php\/wp-json\/wp\/v2\/types\/noticias"}],"author":[{"embeddable":true,"href":"https:\/\/portal.fgeo.gob.mx\/index.php\/wp-json\/wp\/v2\/users\/1"}],"replies":[{"embeddable":true,"href":"https:\/\/portal.fgeo.gob.mx\/index.php\/wp-json\/wp\/v2\/comments?post=15629"}],"wp:featuredmedia":[{"embeddable":true,"href":"https:\/\/portal.fgeo.gob.mx\/index.php\/wp-json\/"}],"wp:attachment":[{"href":"https:\/\/portal.fgeo.gob.mx\/index.php\/wp-json\/wp\/v2\/media?parent=15629"}],"wp:term":[{"taxonomy":"post_tag","embeddable":true,"href":"https:\/\/portal.fgeo.gob.mx\/index.php\/wp-json\/wp\/v2\/tags?post=15629"},{"taxonomy":"categoria_noticias","embeddable":true,"href":"https:\/\/portal.fgeo.gob.mx\/index.php\/wp-json\/wp\/v2\/categoria_noticias?post=15629"}],"curies":[{"name":"wp","href":"https:\/\/api.w.org\/{rel}","templated":true}]}}