{"id":15624,"date":"2023-05-17T16:56:07","date_gmt":"2023-05-17T22:56:07","guid":{"rendered":"http:\/\/fge.oaxaca.gob.mx\/?post_type=noticias&amp;p=5011"},"modified":"2023-05-17T16:56:07","modified_gmt":"2023-05-17T22:56:07","slug":"obtiene-fiscalia-de-oaxaca-sentencia-condenatoria-superior-a-34-anos-de-prision-contra-responsables-de-explotacion-laboral-de-personas-originarias-de-chiapas","status":"publish","type":"noticias","link":"https:\/\/portal.fgeo.gob.mx\/index.php\/archivos\/noticias\/obtiene-fiscalia-de-oaxaca-sentencia-condenatoria-superior-a-34-anos-de-prision-contra-responsables-de-explotacion-laboral-de-personas-originarias-de-chiapas","title":{"rendered":"Obtiene Fiscal\u00eda de Oaxaca sentencia condenatoria superior a 34 a\u00f1os de prisi\u00f3n contra responsables de explotaci\u00f3n laboral de personas originarias de Chiapas"},"content":{"rendered":"<p style=\"font-weight: 400; text-align: justify;\"><strong>Oaxaca de Ju\u00e1rez, Oax., a 17 de mayo de 2023.- \u00a0<\/strong>La Fiscal\u00eda General del Estado de Oaxaca (FGEO) obtuvo sentencia condenatoria por 34 a\u00f1os y seis meses de prisi\u00f3n en contra de dos hombres identificados con las iniciales A. P. R. y A. P. H., as\u00ed como una mujer de nombre O. R. H., por los delitos de trata de personas, explotaci\u00f3n laboral y mendicidad ajena, todos agravados, en raz\u00f3n del origen ind\u00edgena de las v\u00edctimas: 13 ni\u00f1os, ni\u00f1as, adolescentes y adultos, originarios del estado de Chiapas.<\/p>\n<p style=\"font-weight: 400; text-align: justify;\">La detenci\u00f3n de los responsables de estos delitos sucedi\u00f3 el 13 de octubre de 2018, gracias a las investigaciones realizadas por la Fiscal\u00eda Especializada para la Atenci\u00f3n a Delitos de Alto Impacto (FEDAI), misma que ejecut\u00f3 un cateo en un domicilio particular en la en Privada de Bel\u00e9n, de la Colonia Samaritana, en el municipio de Santa Mar\u00eda Atzompa, en los Valles Centrales de Oaxaca.<\/p>\n<p style=\"font-weight: 400; text-align: justify;\">Tras realizar el cateo, las v\u00edctimas refirieron que O. R. H., A. P. R. y A. P. H., los obligaban a trabajar en los cruceros de la capital de Oaxaca y la zona metropolitana, donde ped\u00edan limosna, limpiaban parabrisas y vend\u00edan frutas.<\/p>\n<p style=\"font-weight: 400; text-align: justify;\">Luego de presentar a los imputados ante el Juez que atiende la causa y tras evaluar las pruebas, se dict\u00f3 sentencia condenatorio de 34 a\u00f1os y seis meses de prisi\u00f3n, as\u00ed como el pago de una multa superior a los 180 mil pesos en contra de O. R. H., A. P. R. y A. P. H., como responsables de los delitos de Trata de Personas en sus modalidades de captaci\u00f3n, enganche, transportaci\u00f3n y alojamiento, as\u00ed como explotaci\u00f3n laboral y explotaci\u00f3n por mendicidad ajena, cometidos en agravio de 13 ni\u00f1os, ni\u00f1as y adolescentes.<\/p>\n<p style=\"font-weight: 400; text-align: justify;\">La trata de personas y la explotaci\u00f3n laboral, en cualquiera de sus modalidades, son delitos que violentan el derecho a una vida libre de violencia que debe garantizarse a favor de las ni\u00f1as, ni\u00f1os y adolescentes, por lo que la Fiscal\u00eda de Oaxaca realiza investigaciones especializadas que permitan castigar a los responsables de estas conductas\u00a0criminales.<\/p>\n","protected":false},"author":1,"featured_media":3175,"comment_status":"closed","ping_status":"closed","template":"","tags":[],"categoria_noticias":[],"class_list":["post-15624","noticias","type-noticias","status-publish","has-post-thumbnail","hentry"],"acf":[],"mb":[],"mfb_rest_fields":["title","gutenberg_elementor_mode"],"_links":{"self":[{"href":"https:\/\/portal.fgeo.gob.mx\/index.php\/wp-json\/wp\/v2\/noticias\/15624","targetHints":{"allow":["GET"]}}],"collection":[{"href":"https:\/\/portal.fgeo.gob.mx\/index.php\/wp-json\/wp\/v2\/noticias"}],"about":[{"href":"https:\/\/portal.fgeo.gob.mx\/index.php\/wp-json\/wp\/v2\/types\/noticias"}],"author":[{"embeddable":true,"href":"https:\/\/portal.fgeo.gob.mx\/index.php\/wp-json\/wp\/v2\/users\/1"}],"replies":[{"embeddable":true,"href":"https:\/\/portal.fgeo.gob.mx\/index.php\/wp-json\/wp\/v2\/comments?post=15624"}],"wp:featuredmedia":[{"embeddable":true,"href":"https:\/\/portal.fgeo.gob.mx\/index.php\/wp-json\/"}],"wp:attachment":[{"href":"https:\/\/portal.fgeo.gob.mx\/index.php\/wp-json\/wp\/v2\/media?parent=15624"}],"wp:term":[{"taxonomy":"post_tag","embeddable":true,"href":"https:\/\/portal.fgeo.gob.mx\/index.php\/wp-json\/wp\/v2\/tags?post=15624"},{"taxonomy":"categoria_noticias","embeddable":true,"href":"https:\/\/portal.fgeo.gob.mx\/index.php\/wp-json\/wp\/v2\/categoria_noticias?post=15624"}],"curies":[{"name":"wp","href":"https:\/\/api.w.org\/{rel}","templated":true}]}}