{"id":15623,"date":"2023-05-16T16:59:58","date_gmt":"2023-05-16T22:59:58","guid":{"rendered":"http:\/\/fge.oaxaca.gob.mx\/?post_type=noticias&amp;p=5010"},"modified":"2023-05-16T16:59:58","modified_gmt":"2023-05-16T22:59:58","slug":"fiscalia-de-oaxaca-inicia-investigacion-por-homicidio-de-canadiense-ocurrido-en-la-region-de-la-costa","status":"publish","type":"noticias","link":"https:\/\/portal.fgeo.gob.mx\/index.php\/archivos\/noticias\/fiscalia-de-oaxaca-inicia-investigacion-por-homicidio-de-canadiense-ocurrido-en-la-region-de-la-costa","title":{"rendered":"Fiscal\u00eda de Oaxaca inicia investigaci\u00f3n por homicidio de canadiense, ocurrido en la regi\u00f3n de la Costa"},"content":{"rendered":"<p style=\"font-weight: 400; text-align: justify;\"><strong>Oaxaca de Ju\u00e1rez, Oax., a 16 de mayo de 2023.-\u00a0<\/strong>La Fiscal\u00eda General del Estado de Oaxaca (FGEO) inici\u00f3 una carpeta de investigaci\u00f3n por el delito de homicidio calificado, cometido contra una persona originaria de Canad\u00e1, del sexo masculino identificada como V. M., en hechos ocurridos en la regi\u00f3n de la Costa.<\/p>\n<p style=\"font-weight: 400; text-align: justify;\">De acuerdo con las investigaciones iniciales, el cuerpo sin vida de la v\u00edctima fue localizado el 15 de mayo de 2023, al interior de su veh\u00edculo que estaba en calles de la colonia Arroyo Seco de Puerto Escondido, perteneciente al municipio de San Pedro Mixtepec.<\/p>\n<p style=\"font-weight: 400; text-align: justify;\">La polic\u00eda municipal del lugar dio aviso a la FGEO, por lo que el caso fue atra\u00eddo por la Vicefiscal\u00eda Regional de la Costa, que despleg\u00f3 un equipo multidisciplinario que proces\u00f3 la escena del crimen, donde aseguraron indicios hallados en el sitio con el objetivo de colaborar con las investigaciones en torno a este homicidio.<\/p>\n<p style=\"font-weight: 400; text-align: justify;\">A partir de los hallazgos e informaci\u00f3n obtenida, se establecieron s\u00f3lidas l\u00edneas de investigaci\u00f3n que permiten focalizar las labores de procuraci\u00f3n de justicia a favor de la v\u00edctima directa y v\u00edctimas indirectas.<\/p>\n","protected":false},"author":1,"featured_media":3175,"comment_status":"closed","ping_status":"closed","template":"","tags":[],"categoria_noticias":[],"class_list":["post-15623","noticias","type-noticias","status-publish","has-post-thumbnail","hentry"],"acf":[],"mb":[],"mfb_rest_fields":["title","gutenberg_elementor_mode"],"_links":{"self":[{"href":"https:\/\/portal.fgeo.gob.mx\/index.php\/wp-json\/wp\/v2\/noticias\/15623","targetHints":{"allow":["GET"]}}],"collection":[{"href":"https:\/\/portal.fgeo.gob.mx\/index.php\/wp-json\/wp\/v2\/noticias"}],"about":[{"href":"https:\/\/portal.fgeo.gob.mx\/index.php\/wp-json\/wp\/v2\/types\/noticias"}],"author":[{"embeddable":true,"href":"https:\/\/portal.fgeo.gob.mx\/index.php\/wp-json\/wp\/v2\/users\/1"}],"replies":[{"embeddable":true,"href":"https:\/\/portal.fgeo.gob.mx\/index.php\/wp-json\/wp\/v2\/comments?post=15623"}],"wp:featuredmedia":[{"embeddable":true,"href":"https:\/\/portal.fgeo.gob.mx\/index.php\/wp-json\/"}],"wp:attachment":[{"href":"https:\/\/portal.fgeo.gob.mx\/index.php\/wp-json\/wp\/v2\/media?parent=15623"}],"wp:term":[{"taxonomy":"post_tag","embeddable":true,"href":"https:\/\/portal.fgeo.gob.mx\/index.php\/wp-json\/wp\/v2\/tags?post=15623"},{"taxonomy":"categoria_noticias","embeddable":true,"href":"https:\/\/portal.fgeo.gob.mx\/index.php\/wp-json\/wp\/v2\/categoria_noticias?post=15623"}],"curies":[{"name":"wp","href":"https:\/\/api.w.org\/{rel}","templated":true}]}}