{"id":15622,"date":"2023-05-15T18:59:31","date_gmt":"2023-05-16T00:59:31","guid":{"rendered":"http:\/\/fge.oaxaca.gob.mx\/?post_type=noticias&amp;p=5008"},"modified":"2023-05-15T18:59:31","modified_gmt":"2023-05-16T00:59:31","slug":"queda-en-prision-preventiva-un-hombre-por-agresion-a-turistas-argentinos-ocurrida-en-la-costa-fiscalia-de-oaxaca","status":"publish","type":"noticias","link":"https:\/\/portal.fgeo.gob.mx\/index.php\/archivos\/noticias\/queda-en-prision-preventiva-un-hombre-por-agresion-a-turistas-argentinos-ocurrida-en-la-costa-fiscalia-de-oaxaca","title":{"rendered":"Queda en prisi\u00f3n preventiva un hombre por agresi\u00f3n a turistas argentinos, ocurrida en la Costa, Fiscal\u00eda de Oaxaca"},"content":{"rendered":"<ul>\n<li style=\"font-weight: 400; text-align: justify;\"><em>Fallece una de las v\u00edctimas cuando recib\u00eda atenci\u00f3n m\u00e9dica; pedir\u00e1n FGEO reclasificaci\u00f3n de delito a homicidio<\/em><\/li>\n<\/ul>\n<p style=\"font-weight: 400; text-align: justify;\"><strong>\u00a0<\/strong><\/p>\n<p style=\"font-weight: 400; text-align: justify;\"><strong>Oaxaca de Ju\u00e1rez, Oax., a 15 de mayo de 2023.-\u00a0<\/strong>La Fiscal\u00eda General del Estado de Oaxaca (FGEO) obtuvo prisi\u00f3n preventiva y la declaratoria de legal la detenci\u00f3n de C.I.M.F y\/o I.M.F., por agresiones cometidas contra tres turistas de origen argentino; y ante el fallecimiento de una de las v\u00edctimas, solicitar\u00e1 ante el Juez la reclasificaci\u00f3n del delito de homicidio en grado de tentativa por homicidio calificado.<\/p>\n<p style=\"font-weight: 400; text-align: justify;\">Los hechos ocurrieron el pasado 12 de mayo, cuando las v\u00edctimas -tres turistas identificados como S.L., M.E.G. y B.G.-, fueron agredidas con un arma punzocortante (machete) cuando estaban en la localidad de La Isla, Lagunas de Chacahua, Villa de Tututepec, Juquila, Oaxaca.<\/p>\n<p style=\"font-weight: 400; text-align: justify;\">Ante ello, las personas que estaban en el lugar aseguraron al imputado, C.I.M.F y\/o I.M.F. (originario de Ometepec Guerrero) y posteriormente las autoridades municipales lo canalizaron a la Vicefiscal\u00eda Regional de la Costa, que se encarg\u00f3 de reunir las pruebas suficientes para presentarlo ante el Juez, quien calific\u00f3 este lunes como legal la detenci\u00f3n y concedi\u00f3 la medida de prisi\u00f3n preventiva, adem\u00e1s de fijar el 17 de mayo de 2023 como la fecha para la audiencia de vinculaci\u00f3n a proceso.<\/p>\n<p style=\"font-weight: 400; text-align: justify;\">Es oportuno mencionar que, una de las v\u00edctimas (B.G.), fue trasladado a la Ciudad de M\u00e9xico donde falleci\u00f3 la tarde de este lunes a consecuencia de las lesiones infligidas, motivo por el cual la FGEO solicitar\u00e1 la reclasificaci\u00f3n del delito ante el Juez.<\/p>\n<p style=\"font-weight: 400; text-align: justify;\">La premisa de la Fiscal\u00eda de Oaxaca es la procuraci\u00f3n de justicia a favor de las v\u00edctimas para que se obtenga el castigo contra quien resulte responsable por la comisi\u00f3n de delitos, adem\u00e1s del resarcimiento\u00a0del\u00a0da\u00f1o.<\/p>\n","protected":false},"author":1,"featured_media":3175,"comment_status":"closed","ping_status":"closed","template":"","tags":[],"categoria_noticias":[],"class_list":["post-15622","noticias","type-noticias","status-publish","has-post-thumbnail","hentry"],"acf":[],"mb":[],"mfb_rest_fields":["title","gutenberg_elementor_mode"],"_links":{"self":[{"href":"https:\/\/portal.fgeo.gob.mx\/index.php\/wp-json\/wp\/v2\/noticias\/15622","targetHints":{"allow":["GET"]}}],"collection":[{"href":"https:\/\/portal.fgeo.gob.mx\/index.php\/wp-json\/wp\/v2\/noticias"}],"about":[{"href":"https:\/\/portal.fgeo.gob.mx\/index.php\/wp-json\/wp\/v2\/types\/noticias"}],"author":[{"embeddable":true,"href":"https:\/\/portal.fgeo.gob.mx\/index.php\/wp-json\/wp\/v2\/users\/1"}],"replies":[{"embeddable":true,"href":"https:\/\/portal.fgeo.gob.mx\/index.php\/wp-json\/wp\/v2\/comments?post=15622"}],"wp:featuredmedia":[{"embeddable":true,"href":"https:\/\/portal.fgeo.gob.mx\/index.php\/wp-json\/"}],"wp:attachment":[{"href":"https:\/\/portal.fgeo.gob.mx\/index.php\/wp-json\/wp\/v2\/media?parent=15622"}],"wp:term":[{"taxonomy":"post_tag","embeddable":true,"href":"https:\/\/portal.fgeo.gob.mx\/index.php\/wp-json\/wp\/v2\/tags?post=15622"},{"taxonomy":"categoria_noticias","embeddable":true,"href":"https:\/\/portal.fgeo.gob.mx\/index.php\/wp-json\/wp\/v2\/categoria_noticias?post=15622"}],"curies":[{"name":"wp","href":"https:\/\/api.w.org\/{rel}","templated":true}]}}