{"id":15620,"date":"2023-05-14T20:36:05","date_gmt":"2023-05-15T02:36:05","guid":{"rendered":"http:\/\/fge.oaxaca.gob.mx\/?post_type=noticias&amp;p=5006"},"modified":"2023-05-14T20:36:05","modified_gmt":"2023-05-15T02:36:05","slug":"fiscalia-de-oaxaca-lleva-ante-juez-a-probable-responsable-de-agresiones-contra-turistas-argentinos-en-hechos-ocurridos-en-la-costa","status":"publish","type":"noticias","link":"https:\/\/portal.fgeo.gob.mx\/index.php\/archivos\/noticias\/fiscalia-de-oaxaca-lleva-ante-juez-a-probable-responsable-de-agresiones-contra-turistas-argentinos-en-hechos-ocurridos-en-la-costa","title":{"rendered":"Fiscal\u00eda de Oaxaca lleva ante juez a probable responsable de agresiones contra turistas argentinos, en hechos ocurridos en la Costa"},"content":{"rendered":"<p style=\"font-weight: 400; text-align: justify;\"><strong>Oaxaca de Ju\u00e1rez, Oax., a 14 de mayo de 2023.-\u00a0<\/strong>Ante los delitos de lesiones y homicidio en grado de tentativa cometidos contra tres personas de nacionalidad argentina identificadas con las iniciales S.L, M.E.G y B.G, la Fiscal\u00eda General del Estado de Oaxaca (FGEO) lleva a una persona ante el juez, con lo que refrenda su compromiso de procurar justicia a las v\u00edctimas directas e indirectas de estos sucesos.<\/p>\n<p style=\"font-weight: 400; text-align: justify;\">De acuerdo con las investigaciones, los hechos ocurrieron el pasado 12 de mayo, cuando el imputado, C.I.M.F y\/o I.M.F. originario de Ometepec Guerrero, agredi\u00f3 con un arma punzocortante (machete) a los turistas procedentes de Am\u00e9rica del Sur, cuando estaban en la localidad de La Isla, Lagunas de Chacahua, Villa de Tututepec, Juquila, Oaxaca.<\/p>\n<p style=\"font-weight: 400; text-align: justify;\">Ante ello, las personas que estaban en el lugar aseguraron al probable responsable y posteriormente las autoridades municipales lo canalizaron a la Vicefiscal\u00eda Regional de la Costa, con sede en Puerto Escondido, donde se encuentra en calidad de presentado, a la espera que el juez resuelva su situaci\u00f3n jur\u00eddica.<\/p>\n<p style=\"font-weight: 400; text-align: justify;\">A la par, la Vicefiscal\u00eda Regional de la Costa ha realizado diversas diligencias de peritos especialistas m\u00e9dicos, qu\u00edmicos y criminalistas, derivado de lo cual se ha efectuado un detallado informe sobre el estado de salud de las personas agredidas, adem\u00e1s de robustecer la carpeta de investigaci\u00f3n.<\/p>\n<p style=\"font-weight: 400; text-align: justify;\">Es oportuno mencionar que, una de las v\u00edctimas, B.G., sufri\u00f3 traumatismo craneoencef\u00e1lico y choque hipovol\u00e9mico, por lo que se encuentra hospitalizado y se realizan las gestiones para su traslado a otro nosocomio.<\/p>\n<p style=\"font-weight: 400; text-align: justify;\">Para la Fiscal\u00eda de Oaxaca, la procuraci\u00f3n de justicia para las v\u00edctimas de delitos de alto impacto es fundamental, por lo que se realizan todas las acciones necesarias para esclarecer los casos, as\u00ed como fortalecer las investigaciones que permitan a los jueces contar con elementos necesarios.<\/p>\n","protected":false},"author":1,"featured_media":3175,"comment_status":"closed","ping_status":"closed","template":"","tags":[],"categoria_noticias":[],"class_list":["post-15620","noticias","type-noticias","status-publish","has-post-thumbnail","hentry"],"acf":[],"mb":[],"mfb_rest_fields":["title","gutenberg_elementor_mode"],"_links":{"self":[{"href":"https:\/\/portal.fgeo.gob.mx\/index.php\/wp-json\/wp\/v2\/noticias\/15620","targetHints":{"allow":["GET"]}}],"collection":[{"href":"https:\/\/portal.fgeo.gob.mx\/index.php\/wp-json\/wp\/v2\/noticias"}],"about":[{"href":"https:\/\/portal.fgeo.gob.mx\/index.php\/wp-json\/wp\/v2\/types\/noticias"}],"author":[{"embeddable":true,"href":"https:\/\/portal.fgeo.gob.mx\/index.php\/wp-json\/wp\/v2\/users\/1"}],"replies":[{"embeddable":true,"href":"https:\/\/portal.fgeo.gob.mx\/index.php\/wp-json\/wp\/v2\/comments?post=15620"}],"wp:featuredmedia":[{"embeddable":true,"href":"https:\/\/portal.fgeo.gob.mx\/index.php\/wp-json\/"}],"wp:attachment":[{"href":"https:\/\/portal.fgeo.gob.mx\/index.php\/wp-json\/wp\/v2\/media?parent=15620"}],"wp:term":[{"taxonomy":"post_tag","embeddable":true,"href":"https:\/\/portal.fgeo.gob.mx\/index.php\/wp-json\/wp\/v2\/tags?post=15620"},{"taxonomy":"categoria_noticias","embeddable":true,"href":"https:\/\/portal.fgeo.gob.mx\/index.php\/wp-json\/wp\/v2\/categoria_noticias?post=15620"}],"curies":[{"name":"wp","href":"https:\/\/api.w.org\/{rel}","templated":true}]}}