{"id":15618,"date":"2023-05-14T11:38:00","date_gmt":"2023-05-14T17:38:00","guid":{"rendered":"http:\/\/fge.oaxaca.gob.mx\/?post_type=noticias&amp;p=5004"},"modified":"2023-05-14T11:38:00","modified_gmt":"2023-05-14T17:38:00","slug":"tras-cateo-fgeo-localiza-y-recupera-caballos-robados-en-tlalixtac","status":"publish","type":"noticias","link":"https:\/\/portal.fgeo.gob.mx\/index.php\/archivos\/noticias\/tras-cateo-fgeo-localiza-y-recupera-caballos-robados-en-tlalixtac","title":{"rendered":"Tras cateo, FGEO localiza y recupera caballos robados en Tlalixtac"},"content":{"rendered":"<p style=\"font-weight: 400; text-align: justify;\"><strong>Oaxaca de Ju\u00e1rez, Oax., a 14 de mayo de 2023.- \u00a0<\/strong>Luego de realizar un cateo a un rancho ubicado en la colonia Escobillal, perteneciente a Tuxtepec, Oaxaca, la Fiscal\u00eda General del Estado (FGEO), a trav\u00e9s de la Agencia Estatal de Investigaciones (AEI), en colaboraci\u00f3n con la Polic\u00eda Estatal destacamentada en la regi\u00f3n, lograron la recuperaci\u00f3n de tres caballos robados en Tlalixtac de Cabrera.<\/p>\n<p style=\"font-weight: 400; text-align: justify;\">Como parte de las investigaciones efectuadas por la FGEO por los delitos de homicidio calificado y abigeato registrados el pasado 12 de mayo en Tlalixtac de Cabrera, la Vicefiscal\u00eda Regional de la Cuenca tom\u00f3 el caso y tras detectar el lugar en el que se encontraban los animales, present\u00f3 las pruebas que permitieron que el juez concediera la orden de cateo.<\/p>\n<p style=\"font-weight: 400; text-align: justify;\">Ante ello, la noche del s\u00e1bado 13 y madrugada de este 14 de mayo se efectu\u00f3 el operativo que permiti\u00f3 la recuperaci\u00f3n de: un caballo macho color negro, raza fris\u00f3n; un caballo color bayo, raza de montura; y una yegua color blanco, adem\u00e1s de un remolque color rojo.<\/p>\n<p style=\"font-weight: 400; text-align: justify;\">La Vicefiscal\u00eda Regional de la Cuenca mantiene bajo resguardo a los animales, en espera de que se realicen las gestiones correspondientes para la entrega al propietario.<\/p>\n<p style=\"font-weight: 400; text-align: justify;\">De la misma forma, la FGEO refrenda el compromiso de trabajar de manera conjunta con la sociedad en materia de procuraci\u00f3n de justicia.<\/p>\n","protected":false},"author":1,"featured_media":3175,"comment_status":"closed","ping_status":"closed","template":"","tags":[],"categoria_noticias":[],"class_list":["post-15618","noticias","type-noticias","status-publish","has-post-thumbnail","hentry"],"acf":[],"mb":[],"mfb_rest_fields":["title","gutenberg_elementor_mode"],"_links":{"self":[{"href":"https:\/\/portal.fgeo.gob.mx\/index.php\/wp-json\/wp\/v2\/noticias\/15618","targetHints":{"allow":["GET"]}}],"collection":[{"href":"https:\/\/portal.fgeo.gob.mx\/index.php\/wp-json\/wp\/v2\/noticias"}],"about":[{"href":"https:\/\/portal.fgeo.gob.mx\/index.php\/wp-json\/wp\/v2\/types\/noticias"}],"author":[{"embeddable":true,"href":"https:\/\/portal.fgeo.gob.mx\/index.php\/wp-json\/wp\/v2\/users\/1"}],"replies":[{"embeddable":true,"href":"https:\/\/portal.fgeo.gob.mx\/index.php\/wp-json\/wp\/v2\/comments?post=15618"}],"wp:featuredmedia":[{"embeddable":true,"href":"https:\/\/portal.fgeo.gob.mx\/index.php\/wp-json\/"}],"wp:attachment":[{"href":"https:\/\/portal.fgeo.gob.mx\/index.php\/wp-json\/wp\/v2\/media?parent=15618"}],"wp:term":[{"taxonomy":"post_tag","embeddable":true,"href":"https:\/\/portal.fgeo.gob.mx\/index.php\/wp-json\/wp\/v2\/tags?post=15618"},{"taxonomy":"categoria_noticias","embeddable":true,"href":"https:\/\/portal.fgeo.gob.mx\/index.php\/wp-json\/wp\/v2\/categoria_noticias?post=15618"}],"curies":[{"name":"wp","href":"https:\/\/api.w.org\/{rel}","templated":true}]}}