{"id":15617,"date":"2023-05-12T21:07:22","date_gmt":"2023-05-13T03:07:22","guid":{"rendered":"http:\/\/fge.oaxaca.gob.mx\/?post_type=noticias&amp;p=5003"},"modified":"2023-05-12T21:07:22","modified_gmt":"2023-05-13T03:07:22","slug":"investiga-fiscalia-de-oaxaca-hechos-delictivos-derivados-de-conflicto-entre-petapa-y-loma-santa-cruz","status":"publish","type":"noticias","link":"https:\/\/portal.fgeo.gob.mx\/index.php\/archivos\/noticias\/investiga-fiscalia-de-oaxaca-hechos-delictivos-derivados-de-conflicto-entre-petapa-y-loma-santa-cruz","title":{"rendered":"Investiga Fiscal\u00eda de Oaxaca hechos delictivos derivados de conflicto entre Petapa y Loma Santa Cruz"},"content":{"rendered":"<p style=\"font-weight: 400; text-align: justify;\"><strong>Oaxaca de Ju\u00e1rez, Oax., a 12 de mayo de 2023.- \u00a0<\/strong>La Fiscal\u00eda General del Estado de Oaxaca (FGEO) inici\u00f3 una investigaci\u00f3n y despleg\u00f3 un equipo multidisciplinario, luego del conflicto entre Santo Domingo Petapa y Loma Santa Cruz, San Juan Mazatl\u00e1n, Mixe; derivado del cual, hasta el momento, se tiene confirmado que una persona fue v\u00edctima de homicidio y tres resultaron heridas.<\/p>\n<p style=\"font-weight: 400; text-align: justify;\">De manera conjunta, elementos de la Agencia Estatal de Investigaciones (AEI), Secretar\u00eda de Seguridad y Protecci\u00f3n Ciudadana, as\u00ed como Secretar\u00eda de Gobierno (Sego), ingresaron por la tarde de este viernes al lugar para verificar los hechos y la realizaci\u00f3n de las diligencias correspondientes.<\/p>\n<p style=\"font-weight: 400; text-align: justify;\">Tras las primeras investigaciones, se tiene confirmado que, una persona del sexo masculino identificada por las iniciales M.H.D, fue v\u00edctima de un ataque con arma de fuego, motivo por el cual fue trasladado al Hospital General de Mar\u00eda Lombardo de Caso Mixe, Oaxaca, donde muri\u00f3 debido a las lesiones.<\/p>\n<p style=\"font-weight: 400; text-align: justify;\">De la misma forma, se tiene informaci\u00f3n preliminar que tres personas \u2013todas del sexo masculino&#8211; resultaron heridas y son identificadas con las iniciales: L.E, J.L.C y D.E.M, quienes fueron trasladados para recibir atenci\u00f3n m\u00e9dica a distintos nosocomios.<\/p>\n<p style=\"font-weight: 400; text-align: justify;\">Un equipo de especialistas en diferentes materias se encuentra en el lugar para efectuar el procesamiento del sitio y para recolectar indicios que contribuyan a la resoluci\u00f3n del caso.<\/p>\n<p style=\"font-weight: 400; text-align: justify;\">La Fiscal\u00eda de Oaxaca tiene el compromiso de investigar los delitos que resulten de estos hechos para que las v\u00edctimas tengan acceso pleno\u00a0a\u00a0la\u00a0justicia.<\/p>\n","protected":false},"author":1,"featured_media":3175,"comment_status":"closed","ping_status":"closed","template":"","tags":[],"categoria_noticias":[],"class_list":["post-15617","noticias","type-noticias","status-publish","has-post-thumbnail","hentry"],"acf":[],"mb":[],"mfb_rest_fields":["title","gutenberg_elementor_mode"],"_links":{"self":[{"href":"https:\/\/portal.fgeo.gob.mx\/index.php\/wp-json\/wp\/v2\/noticias\/15617","targetHints":{"allow":["GET"]}}],"collection":[{"href":"https:\/\/portal.fgeo.gob.mx\/index.php\/wp-json\/wp\/v2\/noticias"}],"about":[{"href":"https:\/\/portal.fgeo.gob.mx\/index.php\/wp-json\/wp\/v2\/types\/noticias"}],"author":[{"embeddable":true,"href":"https:\/\/portal.fgeo.gob.mx\/index.php\/wp-json\/wp\/v2\/users\/1"}],"replies":[{"embeddable":true,"href":"https:\/\/portal.fgeo.gob.mx\/index.php\/wp-json\/wp\/v2\/comments?post=15617"}],"wp:featuredmedia":[{"embeddable":true,"href":"https:\/\/portal.fgeo.gob.mx\/index.php\/wp-json\/"}],"wp:attachment":[{"href":"https:\/\/portal.fgeo.gob.mx\/index.php\/wp-json\/wp\/v2\/media?parent=15617"}],"wp:term":[{"taxonomy":"post_tag","embeddable":true,"href":"https:\/\/portal.fgeo.gob.mx\/index.php\/wp-json\/wp\/v2\/tags?post=15617"},{"taxonomy":"categoria_noticias","embeddable":true,"href":"https:\/\/portal.fgeo.gob.mx\/index.php\/wp-json\/wp\/v2\/categoria_noticias?post=15617"}],"curies":[{"name":"wp","href":"https:\/\/api.w.org\/{rel}","templated":true}]}}