{"id":15614,"date":"2023-05-09T18:57:14","date_gmt":"2023-05-10T00:57:14","guid":{"rendered":"http:\/\/fge.oaxaca.gob.mx\/?post_type=noticias&amp;p=4999"},"modified":"2023-05-09T18:57:14","modified_gmt":"2023-05-10T00:57:14","slug":"ofrece-fiscal-de-oaxaca-disculpas-publicas-por-desapariciones-de-modesto-patolzin-y-rene-alejandro-cruz-esteban","status":"publish","type":"noticias","link":"https:\/\/portal.fgeo.gob.mx\/index.php\/archivos\/noticias\/ofrece-fiscal-de-oaxaca-disculpas-publicas-por-desapariciones-de-modesto-patolzin-y-rene-alejandro-cruz-esteban","title":{"rendered":"Ofrece Fiscal de Oaxaca disculpas p\u00fablicas por desapariciones de Modesto Patolzin y Ren\u00e9 Alejandro Cruz Esteban"},"content":{"rendered":"<p style=\"font-weight: 400; text-align: justify;\"><strong>Oaxaca de Ju\u00e1rez, Oax., a 9 de mayo de 2023.-<\/strong>\u00a0\u00a0El Fiscal General del Estado de Oaxaca (FGEO), Bernardo Rodr\u00edguez Alamilla, ofreci\u00f3 una disculpa p\u00fablica a nombre de la entonces Procuradur\u00eda General de Justicia del Estado por la desaparici\u00f3n del profesor Modesto Patolzin Moic\u00e9n ocurrida en 1988; as\u00ed como de la FGEO, por la desaparici\u00f3n de Ren\u00e9 Alejandro Cruz Esteban, acontecida en 2017.<\/p>\n<p style=\"font-weight: 400; text-align: justify;\">En un hecho hist\u00f3rico y en presencia de Liboria Miranda Silva, esposa del maestro Modesto Patolzin, y de la se\u00f1ora Aurora Guadalupe Esteban Hern\u00e1ndez, madre de Ren\u00e9 Alejandro Cruz Esteban, el Fiscal General reconoci\u00f3 la responsabilidad de la instituci\u00f3n por la comisi\u00f3n de violaciones a derechos humanos contra las v\u00edctimas directas e indirectas, durante periodos anteriores.<\/p>\n<p style=\"font-weight: 400; text-align: justify;\">A lo anterior, sum\u00f3 la falta de investigaciones diligentes y acciones estructurales que han provocado que, hasta el momento, no se haya logrado esclarecer el paradero de ambas personas.<\/p>\n<p style=\"font-weight: 400; text-align: justify;\">Ante el gobernador del estado, Salom\u00f3n Jara Cruz; la titular de la Coordinaci\u00f3n de Derechos Humanos del Poder Ejecutivo, Flor Estela Morales Hern\u00e1ndez; as\u00ed como la secretaria general de la Secci\u00f3n 22 del Sindicato Nacional de los Trabajadores de la Educaci\u00f3n (SNTE), Yeni Aracely P\u00e9rez Mart\u00ednez, apunt\u00f3 que la desaparici\u00f3n forzada del profesor Patolzin lo ha sustra\u00eddo de la protecci\u00f3n del Estado y le ha causado graves sufrimientos a su familia.<\/p>\n<p style=\"font-weight: 400; text-align: justify;\">\u201cLa desaparici\u00f3n del Profesor Modesto Patolzin, ocurrida el d\u00eda 20 de febrero de 1988, se da en el marco del periodo denominado como Guerra Sucia, caracterizado por una serie de \u00a0violaciones graves a derechos humanos ocurridas entre 1965 y 1990 en todo el pa\u00eds, contra personas que pertenec\u00edan a movimientos sociales disidentes al gobierno en turno, y que aqu\u00ed en Oaxaca fue realizada particularmente contra el fuerte activismo magisterial que en ese momento luchaba por la reivindicaci\u00f3n de sus derechos sindicales\u201d, precis\u00f3.<\/p>\n<p style=\"font-weight: 400; text-align: justify;\">Agreg\u00f3 que, a poco m\u00e1s de 35 a\u00f1os de la desaparici\u00f3n del maestro, el reconocimiento de la responsabilidad es tan s\u00f3lo un paso dentro del proceso de reparaci\u00f3n integral, pero desde la Fiscal\u00eda no es una acci\u00f3n menor, sino una manifestaci\u00f3n concreta del compromiso con el pleno respeto a los derechos humanos de las v\u00edctimas y sus familiares.<\/p>\n<p style=\"font-weight: 400; text-align: justify;\">\u201cReconozco la lucha y acompa\u00f1amiento que la Secci\u00f3n 22 de la Coordinadora Nacional de Trabajadores de la Educaci\u00f3n ha dado a lo largo de todo este tiempo para exigir la presentaci\u00f3n con vida del profesor Patolzin y evitar con ello que este acto quede impune y se pierda en la larga noche de los tiempos, como un acto m\u00e1s de la represi\u00f3n en contra del movimiento magisterial\u201d, sostuvo.<\/p>\n<p style=\"font-weight: 400; text-align: justify;\">En el mismo acto, el Fiscal General de Oaxaca, ofreci\u00f3 una disculpa p\u00fablica por la desaparici\u00f3n de Ren\u00e9 Alejandro Cruz Esteban, quien ha sido v\u00edctima \u2013junto con su familia\u2014de una violaci\u00f3n masiva de sus derechos, entre ellos, el reconocimiento de su personalidad jur\u00eddica, a la libertad y a la seguridad de su persona, a no ser sometido a torturas ni a otras penas o tratos crueles, inhumanos o degradantes.<\/p>\n<p style=\"font-weight: 400; text-align: justify;\">En presencia de la se\u00f1ora Aurora Guadalupe Esteban Hern\u00e1ndez, madre de Ren\u00e9 Alejandro Cruz Esteban, refiri\u00f3 que el 1 de septiembre de 2017, aproximadamente a las 08:00 de la ma\u00f1ana, la v\u00edctima fue vista por \u00faltima vez, cuando sali\u00f3 de su domicilio ubicado en la ciudad de Oaxaca, sin que hasta el momento se haya logrado esclarecer lo ocurrido y tampoco ubicarlo.<\/p>\n<p style=\"font-weight: 400; text-align: justify;\">Indic\u00f3 que por la desaparici\u00f3n de Ren\u00e9 Alejandro Cruz Esteban, la Defensor\u00eda de los Derechos Humanos del Pueblo de Oaxaca emiti\u00f3 la Recomendaci\u00f3n 08\/2022, entre cuyos puntos a cumplir por parte de la Fiscal\u00eda General del Estado de Oaxaca se encuentra la realizaci\u00f3n de los ajustes pertinentes al respectivo plan de b\u00fasqueda, o en su caso, se elabore uno acorde con el Protocolo Homologado para la B\u00fasqueda de Personas Desaparecidas y No Localizadas, y dem\u00e1s normatividad que exista al respecto, en lo que ya nos encontramos trabajando conjuntamente con los familiares.<\/p>\n<p style=\"font-weight: 400; text-align: justify;\">\u201cDe manera particular reconozco la lucha sin tregua que ha realizado la se\u00f1ora Aurora y su familia, a lo largo de estos casi seis a\u00f1os en la b\u00fasqueda de su hijo, lo cual no es un hecho menor, pues estoy seguro que todos los d\u00edas espera en silencio saber que\u0301 paso\u0301 con su ser querido y se encuentran con lo mismo: la incertidumbre\u201d, dijo.<\/p>\n<p style=\"font-weight: 400; text-align: justify;\">Rodr\u00edguez Alamilla reconoci\u00f3 que no se puede ser indiferente ni personal, ni institucionalmente ante el dolor de las v\u00edctimas, por sucesos del pasado, por lo que, extern\u00f3 a nombre de la entonces Procuradur\u00eda General de Justicia del Estado y de la Fiscal\u00eda General del Estado de Oaxaca las disculpas p\u00fablicas por las violaciones a los derechos humanos cometidas contra ambas v\u00edctimas.<\/p>\n<p style=\"font-weight: 400; text-align: justify;\">Por su parte, el gobernador del estado, Salom\u00f3n Jara Cruz apunt\u00f3 que en el actual gobierno democr\u00e1tico de la Cuarta Transformaci\u00f3n nunca m\u00e1s se permitir\u00e1n actos de represi\u00f3n o que atenten contra los derechos de la sociedad.<\/p>\n","protected":false},"author":1,"featured_media":3175,"comment_status":"closed","ping_status":"closed","template":"","tags":[],"categoria_noticias":[],"class_list":["post-15614","noticias","type-noticias","status-publish","has-post-thumbnail","hentry"],"acf":[],"mb":[],"mfb_rest_fields":["title","gutenberg_elementor_mode"],"_links":{"self":[{"href":"https:\/\/portal.fgeo.gob.mx\/index.php\/wp-json\/wp\/v2\/noticias\/15614","targetHints":{"allow":["GET"]}}],"collection":[{"href":"https:\/\/portal.fgeo.gob.mx\/index.php\/wp-json\/wp\/v2\/noticias"}],"about":[{"href":"https:\/\/portal.fgeo.gob.mx\/index.php\/wp-json\/wp\/v2\/types\/noticias"}],"author":[{"embeddable":true,"href":"https:\/\/portal.fgeo.gob.mx\/index.php\/wp-json\/wp\/v2\/users\/1"}],"replies":[{"embeddable":true,"href":"https:\/\/portal.fgeo.gob.mx\/index.php\/wp-json\/wp\/v2\/comments?post=15614"}],"wp:featuredmedia":[{"embeddable":true,"href":"https:\/\/portal.fgeo.gob.mx\/index.php\/wp-json\/"}],"wp:attachment":[{"href":"https:\/\/portal.fgeo.gob.mx\/index.php\/wp-json\/wp\/v2\/media?parent=15614"}],"wp:term":[{"taxonomy":"post_tag","embeddable":true,"href":"https:\/\/portal.fgeo.gob.mx\/index.php\/wp-json\/wp\/v2\/tags?post=15614"},{"taxonomy":"categoria_noticias","embeddable":true,"href":"https:\/\/portal.fgeo.gob.mx\/index.php\/wp-json\/wp\/v2\/categoria_noticias?post=15614"}],"curies":[{"name":"wp","href":"https:\/\/api.w.org\/{rel}","templated":true}]}}