{"id":15610,"date":"2023-05-05T13:31:33","date_gmt":"2023-05-05T19:31:33","guid":{"rendered":"http:\/\/fge.oaxaca.gob.mx\/?post_type=noticias&amp;p=4994"},"modified":"2023-05-05T13:31:33","modified_gmt":"2023-05-05T19:31:33","slug":"ejecuta-fiscalia-de-oaxaca-orden-de-aprehension-por-el-delito-de-violacion-cometido-en-el-distrito-mixe","status":"publish","type":"noticias","link":"https:\/\/portal.fgeo.gob.mx\/index.php\/archivos\/noticias\/ejecuta-fiscalia-de-oaxaca-orden-de-aprehension-por-el-delito-de-violacion-cometido-en-el-distrito-mixe","title":{"rendered":"Ejecuta Fiscal\u00eda de Oaxaca orden de aprehensi\u00f3n por el delito de violaci\u00f3n cometido en el distrito Mixe"},"content":{"rendered":"<p style=\"font-weight: 400; text-align: justify;\"><strong>Oaxaca de Ju\u00e1rez, Oax., a 5 de mayo de 2023.-<\/strong>\u00a0 La Fiscal\u00eda General del Estado de Oaxaca (FGEO) ejecut\u00f3 una orden de aprehensi\u00f3n contra una persona del sexo masculino identificada por las iniciales E. G. H., por el delito de violaci\u00f3n, cometido en Mixistl\u00e1n de la Reforma.<\/p>\n<p style=\"font-weight: 400; text-align: justify;\">De acuerdo con las investigaciones realizadas por la Direcci\u00f3n de Averiguaciones Previas y Procesos, los hechos ocurrieron el 5 de octubre de 2022, cuando la v\u00edctima caminaba sobre una vereda del municipio antes mencionado, perteneciente al distrito Mixe, cuando un hombre la atac\u00f3 y la arrastr\u00f3 hacia un paraje desolado donde la agredi\u00f3 sexualmente.<\/p>\n<p style=\"font-weight: 400; text-align: justify;\">Al tener conocimiento del caso, la Fiscal\u00eda de Oaxaca inici\u00f3 la carpeta para realizar las investigaciones al respecto, derivadas de las que, el Juez que atiende la causa liber\u00f3 una orden de aprehensi\u00f3n en contra de E. G. H., por lo que elementos de la Agencia Estatal de Investigaciones (AEI) dieron cumplimiento al mandato judicial.<\/p>\n<p style=\"font-weight: 400; text-align: justify;\">Tras la detenci\u00f3n, E. G. H. fue puesto a disposici\u00f3n de la autoridad correspondiente para que, posteriormente, sea presentado ante el Juez quien determinar\u00e1 su situaci\u00f3n jur\u00eddica en las pr\u00f3ximas horas.<\/p>\n<p style=\"font-weight: 400; text-align: justify;\">La Investigaci\u00f3n expedita de agresiones sexuales contra mujeres es parte de la agenda de combate a delitos por raz\u00f3n de g\u00e9nero que prioriza la Fiscal\u00eda General del Estado de Oaxaca con el objetivo de erradicar este tipo\u00a0de\u00a0conductas.<\/p>\n","protected":false},"author":1,"featured_media":3175,"comment_status":"closed","ping_status":"closed","template":"","tags":[],"categoria_noticias":[],"class_list":["post-15610","noticias","type-noticias","status-publish","has-post-thumbnail","hentry"],"acf":[],"mb":[],"mfb_rest_fields":["title","gutenberg_elementor_mode"],"_links":{"self":[{"href":"https:\/\/portal.fgeo.gob.mx\/index.php\/wp-json\/wp\/v2\/noticias\/15610","targetHints":{"allow":["GET"]}}],"collection":[{"href":"https:\/\/portal.fgeo.gob.mx\/index.php\/wp-json\/wp\/v2\/noticias"}],"about":[{"href":"https:\/\/portal.fgeo.gob.mx\/index.php\/wp-json\/wp\/v2\/types\/noticias"}],"author":[{"embeddable":true,"href":"https:\/\/portal.fgeo.gob.mx\/index.php\/wp-json\/wp\/v2\/users\/1"}],"replies":[{"embeddable":true,"href":"https:\/\/portal.fgeo.gob.mx\/index.php\/wp-json\/wp\/v2\/comments?post=15610"}],"wp:featuredmedia":[{"embeddable":true,"href":"https:\/\/portal.fgeo.gob.mx\/index.php\/wp-json\/"}],"wp:attachment":[{"href":"https:\/\/portal.fgeo.gob.mx\/index.php\/wp-json\/wp\/v2\/media?parent=15610"}],"wp:term":[{"taxonomy":"post_tag","embeddable":true,"href":"https:\/\/portal.fgeo.gob.mx\/index.php\/wp-json\/wp\/v2\/tags?post=15610"},{"taxonomy":"categoria_noticias","embeddable":true,"href":"https:\/\/portal.fgeo.gob.mx\/index.php\/wp-json\/wp\/v2\/categoria_noticias?post=15610"}],"curies":[{"name":"wp","href":"https:\/\/api.w.org\/{rel}","templated":true}]}}