{"id":15608,"date":"2023-05-04T17:57:31","date_gmt":"2023-05-04T23:57:31","guid":{"rendered":"http:\/\/fge.oaxaca.gob.mx\/?post_type=noticias&amp;p=4992"},"modified":"2023-05-04T17:57:31","modified_gmt":"2023-05-04T23:57:31","slug":"queda-en-prision-preventiva-por-violar-medidas-cautelares-de-restriccion-dictadas-por-violencia-familiar-fiscalia-de-oaxaca","status":"publish","type":"noticias","link":"https:\/\/portal.fgeo.gob.mx\/index.php\/archivos\/noticias\/queda-en-prision-preventiva-por-violar-medidas-cautelares-de-restriccion-dictadas-por-violencia-familiar-fiscalia-de-oaxaca","title":{"rendered":"Queda en prisi\u00f3n preventiva por violar medidas cautelares de restricci\u00f3n dictadas por violencia familiar &#8211; Fiscal\u00eda de Oaxaca"},"content":{"rendered":"<p style=\"font-weight: 400; text-align: justify;\"><strong>Oaxaca de Ju\u00e1rez, Oax., a 4 de mayo de 2023.-\u00a0\u00a0<\/strong>La Fiscal\u00eda General del Estado de Oaxaca obtuvo prisi\u00f3n preventiva en contra de una persona del sexo masculino identificada por las iniciales L. A. O. E., por violar las medidas cautelares de restricci\u00f3n dictadas a favor de una v\u00edctima de violencia familiar, delito cometido en el Istmo de Tehuantepec.<\/p>\n<p style=\"font-weight: 400; text-align: justify;\">De acuerdo con el expediente penal del caso, el 20 de abril de 2021, el imputado qued\u00f3 vinculado a proceso, por lo que el Juez que atiende la causa dict\u00f3 medidas cautelares a favor de la v\u00edctima que restring\u00eda el contacto y acercamiento.<\/p>\n<p style=\"font-weight: 400; text-align: justify;\">No obstante, el 21 de abril de este a\u00f1o, L. A. O. E. viol\u00f3 la medida cautelar al ingresar al domicilio de la v\u00edctima, por lo cual se emiti\u00f3 una nueva orden de aprehensi\u00f3n en su contra la cual se ejecut\u00f3 el primero de mayo, derivado de lo cual fue llevado a audiencia en la que se revis\u00f3 la medida cautelar previa y se le impuso prisi\u00f3n preventiva en su contra.<\/p>\n<p style=\"font-weight: 400; text-align: justify;\">La Fiscal\u00eda de Oaxaca realiza investigaciones con perspectiva de g\u00e9nero al investigar delitos contra las mujeres para garantizar la seguridad de las v\u00edctimas y que tengan acceso pleno\u00a0a\u00a0la\u00a0justicia.<\/p>\n","protected":false},"author":1,"featured_media":3175,"comment_status":"closed","ping_status":"closed","template":"","tags":[],"categoria_noticias":[],"class_list":["post-15608","noticias","type-noticias","status-publish","has-post-thumbnail","hentry"],"acf":[],"mb":[],"mfb_rest_fields":["title","gutenberg_elementor_mode"],"_links":{"self":[{"href":"https:\/\/portal.fgeo.gob.mx\/index.php\/wp-json\/wp\/v2\/noticias\/15608","targetHints":{"allow":["GET"]}}],"collection":[{"href":"https:\/\/portal.fgeo.gob.mx\/index.php\/wp-json\/wp\/v2\/noticias"}],"about":[{"href":"https:\/\/portal.fgeo.gob.mx\/index.php\/wp-json\/wp\/v2\/types\/noticias"}],"author":[{"embeddable":true,"href":"https:\/\/portal.fgeo.gob.mx\/index.php\/wp-json\/wp\/v2\/users\/1"}],"replies":[{"embeddable":true,"href":"https:\/\/portal.fgeo.gob.mx\/index.php\/wp-json\/wp\/v2\/comments?post=15608"}],"wp:featuredmedia":[{"embeddable":true,"href":"https:\/\/portal.fgeo.gob.mx\/index.php\/wp-json\/"}],"wp:attachment":[{"href":"https:\/\/portal.fgeo.gob.mx\/index.php\/wp-json\/wp\/v2\/media?parent=15608"}],"wp:term":[{"taxonomy":"post_tag","embeddable":true,"href":"https:\/\/portal.fgeo.gob.mx\/index.php\/wp-json\/wp\/v2\/tags?post=15608"},{"taxonomy":"categoria_noticias","embeddable":true,"href":"https:\/\/portal.fgeo.gob.mx\/index.php\/wp-json\/wp\/v2\/categoria_noticias?post=15608"}],"curies":[{"name":"wp","href":"https:\/\/api.w.org\/{rel}","templated":true}]}}