{"id":15607,"date":"2023-05-04T10:42:24","date_gmt":"2023-05-04T16:42:24","guid":{"rendered":"http:\/\/fge.oaxaca.gob.mx\/?post_type=noticias&amp;p=4991"},"modified":"2023-05-04T10:42:24","modified_gmt":"2023-05-04T16:42:24","slug":"aprehende-fiscalia-de-oaxaca-a-una-mujer-por-delito-de-homicidio-en-grado-de-tentativa-ocurrido-en-queretaro","status":"publish","type":"noticias","link":"https:\/\/portal.fgeo.gob.mx\/index.php\/archivos\/noticias\/aprehende-fiscalia-de-oaxaca-a-una-mujer-por-delito-de-homicidio-en-grado-de-tentativa-ocurrido-en-queretaro","title":{"rendered":"Aprehende Fiscal\u00eda de Oaxaca a una mujer por delito de homicidio en grado de tentativa ocurrido en Quer\u00e9taro"},"content":{"rendered":"<p style=\"font-weight: 400; text-align: justify;\"><strong>Oaxaca de Ju\u00e1rez, Oax., a 4 de mayo de 2023.-\u00a0<\/strong>La Fiscal\u00eda General del Estado de Oaxaca, en coordinaci\u00f3n con su hom\u00f3loga de Quer\u00e9taro, ejecut\u00f3 una orden de aprehensi\u00f3n contra una mujer identificada por las iniciales M.T.R.G., por el delito de homicidio en grado de tentativa.<\/p>\n<p style=\"font-weight: 400; text-align: justify;\">Luego de recibir la solicitud de colaboraci\u00f3n por parte de elementos investigadores de Quer\u00e9taro, la Vicefiscal\u00eda Regional de la Costa efectu\u00f3 los actos correspondientes en Puerto Escondido, San Pedro Mixtepec, Oaxaca, que permitieron la detenci\u00f3n de la imputada, quien se encontraba en dicha agencia municipal.<\/p>\n<p style=\"font-weight: 400; text-align: justify;\">Los hechos sucedieron en la ciudad de Quer\u00e9taro el 26 de abril del a\u00f1o en curso, cuando la v\u00edctima M.A.P.M. fue agredida con proyectil de arma de fuego en el fraccionamiento Puerta Real Corregidora Quer\u00e9taro, provoc\u00e1ndole lesiones que la mantienen hospitalizada.<\/p>\n<p style=\"font-weight: 400; text-align: justify;\">Luego de efectuar los primeros actos de investigaci\u00f3n, la Fiscal\u00eda de Quer\u00e9taro logr\u00f3 establecer elementos de prueba que permitieron que el juez librara la orden de aprehensi\u00f3n contra M.T.R.G.<\/p>\n<p style=\"font-weight: 400; text-align: justify;\">Posteriormente se trasladaron a Puerto Escondido donde, en colaboraci\u00f3n con la Vicefiscal\u00eda de la Costa, fue localizada y detenida la imputada.<\/p>\n<p style=\"font-weight: 400; text-align: justify;\">La Fiscal\u00eda de Oaxaca fortalece los v\u00ednculos de cooperaci\u00f3n con los entes hom\u00f3logos en el pa\u00eds para procurar justicia a las v\u00edctimas directas e indirectas de delitos.<\/p>\n","protected":false},"author":1,"featured_media":3175,"comment_status":"closed","ping_status":"closed","template":"","tags":[],"categoria_noticias":[],"class_list":["post-15607","noticias","type-noticias","status-publish","has-post-thumbnail","hentry"],"acf":[],"mb":[],"mfb_rest_fields":["title","gutenberg_elementor_mode"],"_links":{"self":[{"href":"https:\/\/portal.fgeo.gob.mx\/index.php\/wp-json\/wp\/v2\/noticias\/15607","targetHints":{"allow":["GET"]}}],"collection":[{"href":"https:\/\/portal.fgeo.gob.mx\/index.php\/wp-json\/wp\/v2\/noticias"}],"about":[{"href":"https:\/\/portal.fgeo.gob.mx\/index.php\/wp-json\/wp\/v2\/types\/noticias"}],"author":[{"embeddable":true,"href":"https:\/\/portal.fgeo.gob.mx\/index.php\/wp-json\/wp\/v2\/users\/1"}],"replies":[{"embeddable":true,"href":"https:\/\/portal.fgeo.gob.mx\/index.php\/wp-json\/wp\/v2\/comments?post=15607"}],"wp:featuredmedia":[{"embeddable":true,"href":"https:\/\/portal.fgeo.gob.mx\/index.php\/wp-json\/"}],"wp:attachment":[{"href":"https:\/\/portal.fgeo.gob.mx\/index.php\/wp-json\/wp\/v2\/media?parent=15607"}],"wp:term":[{"taxonomy":"post_tag","embeddable":true,"href":"https:\/\/portal.fgeo.gob.mx\/index.php\/wp-json\/wp\/v2\/tags?post=15607"},{"taxonomy":"categoria_noticias","embeddable":true,"href":"https:\/\/portal.fgeo.gob.mx\/index.php\/wp-json\/wp\/v2\/categoria_noticias?post=15607"}],"curies":[{"name":"wp","href":"https:\/\/api.w.org\/{rel}","templated":true}]}}