{"id":15606,"date":"2023-05-03T14:26:34","date_gmt":"2023-05-03T20:26:34","guid":{"rendered":"http:\/\/fge.oaxaca.gob.mx\/?post_type=noticias&amp;p=4990"},"modified":"2023-05-03T14:26:34","modified_gmt":"2023-05-03T20:26:34","slug":"fiscalia-de-oaxaca-y-uabjo-firman-convenio-de-colaboracion","status":"publish","type":"noticias","link":"https:\/\/portal.fgeo.gob.mx\/index.php\/archivos\/noticias\/fiscalia-de-oaxaca-y-uabjo-firman-convenio-de-colaboracion","title":{"rendered":"Fiscal\u00eda de Oaxaca y UABJO firman convenio de colaboraci\u00f3n"},"content":{"rendered":"<p style=\"font-weight: 400; text-align: justify;\"><strong>Oaxaca de Ju\u00e1rez, Oax., a 03 de mayo de 2023.- \u00a0<\/strong>La colaboraci\u00f3n entre la academia y las instituciones gubernamentales contribuye al fortalecimiento profesional y social de la entidad, por lo que la Fiscal\u00eda General del Estado de Oaxaca (FGEO) estableci\u00f3 un acuerdo con la Universidad Aut\u00f3noma \u201cBenito Ju\u00e1rez\u201d de Oaxaca (UABJO), para impulsar programas y proyectos conjuntos de investigaci\u00f3n cient\u00edfica, tecnol\u00f3gica, desarrollo productivo, capacitaci\u00f3n y difusi\u00f3n en temas de inter\u00e9s mutuo.<\/p>\n<p style=\"font-weight: 400; text-align: justify;\">Durante el acto protocolario, el Fiscal General, Bernardo Rodr\u00edguez Alamilla y el rector de la UABJO, Cristian Carre\u00f1o L\u00f3pez, signaron el documento que establece las bases para el trabajo conjunto en beneficio de la sociedad oaxaque\u00f1a, as\u00ed como para la comunidad universitaria y la propia FGEO.<\/p>\n<p style=\"font-weight: 400; text-align: justify;\">Para la Fiscal\u00eda resulta fundamental establecer una vinculaci\u00f3n con las universidades y principalmente con la UABJO, puesto que es la instituci\u00f3n pilar en la formaci\u00f3n del recurso humano en la entidad, indic\u00f3 Rodr\u00edguez Alamilla.<\/p>\n<p style=\"font-weight: 400; text-align: justify;\">\u201cAgradezco al Rector la apertura mostrada para la concreci\u00f3n de este acuerdo que sin duda permitir\u00e1 impulsar los conocimientos de las y los estudiantes, pero tambi\u00e9n, establecer un v\u00ednculo de cooperaci\u00f3n y trabajo coordinado entre la M\u00e1xima Casa de Estudios y la Fiscal\u00eda para beneficio de las y los profesionistas, as\u00ed como de la sociedad oaxaque\u00f1a\u201d, apunt\u00f3.<\/p>\n<p style=\"font-weight: 400; text-align: justify;\">Entre los objetivos de este acuerdo est\u00e1n el impulso de la capacitaci\u00f3n, consultor\u00eda y asesor\u00eda en \u00e1reas espec\u00edficas, as\u00ed como la contribuci\u00f3n en el pr\u00e9stamo de instalaciones para la impartici\u00f3n de cursos, talleres, capacitaci\u00f3n, asesor\u00edas, conferencias, seminarios o cualquier otro medio que beneficie a la formaci\u00f3n de profesionales de la comunidad de ambos sectores.<\/p>\n<p style=\"font-weight: 400; text-align: justify;\">Aunado a la formaci\u00f3n acad\u00e9mica y profesional de los alumnos para la realizaci\u00f3n de estad\u00edas y pr\u00e1cticas acad\u00e9micas, servicio social o investigaci\u00f3n, tambi\u00e9n se fomenta la profesionalizaci\u00f3n en docencia e investigaci\u00f3n mediante la impartici\u00f3n de cursos, talleres, diplomados y estudios de posgrado.<\/p>\n<p style=\"font-weight: 400; text-align: justify;\">Tras la firma de este acuerdo de colaboraci\u00f3n, titulares de las diferentes \u00e1reas de cada una de las dos instituciones se dieron a la tarea de sentar las bases para iniciar con el proceso de gesti\u00f3n y estructuraci\u00f3n de proyectos afines para la construcci\u00f3n de v\u00ednculos de cooperaci\u00f3n para beneficio de las y los profesionistas, as\u00ed como de la sociedad\u00a0oaxaque\u00f1a.<\/p>\n","protected":false},"author":1,"featured_media":3175,"comment_status":"closed","ping_status":"closed","template":"","tags":[],"categoria_noticias":[],"class_list":["post-15606","noticias","type-noticias","status-publish","has-post-thumbnail","hentry"],"acf":[],"mb":[],"mfb_rest_fields":["title","gutenberg_elementor_mode"],"_links":{"self":[{"href":"https:\/\/portal.fgeo.gob.mx\/index.php\/wp-json\/wp\/v2\/noticias\/15606","targetHints":{"allow":["GET"]}}],"collection":[{"href":"https:\/\/portal.fgeo.gob.mx\/index.php\/wp-json\/wp\/v2\/noticias"}],"about":[{"href":"https:\/\/portal.fgeo.gob.mx\/index.php\/wp-json\/wp\/v2\/types\/noticias"}],"author":[{"embeddable":true,"href":"https:\/\/portal.fgeo.gob.mx\/index.php\/wp-json\/wp\/v2\/users\/1"}],"replies":[{"embeddable":true,"href":"https:\/\/portal.fgeo.gob.mx\/index.php\/wp-json\/wp\/v2\/comments?post=15606"}],"wp:featuredmedia":[{"embeddable":true,"href":"https:\/\/portal.fgeo.gob.mx\/index.php\/wp-json\/"}],"wp:attachment":[{"href":"https:\/\/portal.fgeo.gob.mx\/index.php\/wp-json\/wp\/v2\/media?parent=15606"}],"wp:term":[{"taxonomy":"post_tag","embeddable":true,"href":"https:\/\/portal.fgeo.gob.mx\/index.php\/wp-json\/wp\/v2\/tags?post=15606"},{"taxonomy":"categoria_noticias","embeddable":true,"href":"https:\/\/portal.fgeo.gob.mx\/index.php\/wp-json\/wp\/v2\/categoria_noticias?post=15606"}],"curies":[{"name":"wp","href":"https:\/\/api.w.org\/{rel}","templated":true}]}}