{"id":15605,"date":"2023-05-02T17:56:14","date_gmt":"2023-05-02T23:56:14","guid":{"rendered":"http:\/\/fge.oaxaca.gob.mx\/?post_type=noticias&amp;p=4988"},"modified":"2023-05-02T17:56:14","modified_gmt":"2023-05-02T23:56:14","slug":"obtiene-fiscalia-de-oaxaca-condena-de-50-anos-de-prision-por-delito-de-secuestro-cometido-en-la-costa","status":"publish","type":"noticias","link":"https:\/\/portal.fgeo.gob.mx\/index.php\/archivos\/noticias\/obtiene-fiscalia-de-oaxaca-condena-de-50-anos-de-prision-por-delito-de-secuestro-cometido-en-la-costa","title":{"rendered":"Obtiene Fiscal\u00eda de Oaxaca condena de 50 a\u00f1os de prisi\u00f3n por delito de secuestro cometido en la Costa"},"content":{"rendered":"<p style=\"font-weight: 400; text-align: justify;\"><strong>Oaxaca de Ju\u00e1rez, Oax., a 02 de mayo de 2023.- \u00a0<\/strong>Las investigaciones realizadas por la Fiscal\u00eda General del Estado de Oaxaca (FGEO) dieron como resultado la obtenci\u00f3n de una sentencia condenatoria de 50 a\u00f1os de prisi\u00f3n en contra de la persona del sexo masculino identificada por las iniciales M. A. R. M., responsable del delito de secuestro agravado cometido en la regi\u00f3n de la Costa.<\/p>\n<p style=\"font-weight: 400; text-align: justify;\">De acuerdo con el expediente penal, los hechos ocurrieron el 22 de julio de 2020, cuando la v\u00edctima fue interceptada y secuestrada por un grupo de personas cuando se encontraba en la comunidad del Naranjo, en la Agencia Municipal de M\u00e1rtires de Tacubaya, perteneciente al municipio de Santiago Jamiltepec.<\/p>\n<p style=\"font-weight: 400; text-align: justify;\">Luego del plagio, los responsables establecieron contacto con la familia con la que negociaron hasta acordar el pago de un rescate, el cual se concret\u00f3, por lo que la persona secuestrada fue puesta en libertad.<\/p>\n<p style=\"font-weight: 400; text-align: justify;\">La Fiscal\u00eda de Oaxaca tom\u00f3 conocimiento del caso que qued\u00f3 a cargo de la Unidad Especializada en Combate al Secuestro (UECS) perteneciente a la Fiscal\u00eda Especializada para la Atenci\u00f3n a Delitos de Alto Impacto, que realiz\u00f3 las investigaciones correspondientes, que permitieron ejecutar una orden de aprehensi\u00f3n en contra de M. A. R. M.<\/p>\n<p style=\"font-weight: 400; text-align: justify;\">El imputado qued\u00f3 a disposici\u00f3n del Juez que atiende la causa, quien despu\u00e9s de evaluar las pruebas aportadas por la FGEO, dict\u00f3 sentencia condenatoria de 50 a\u00f1os de prisi\u00f3n en contra de M. A. R. M., a quien tambi\u00e9n impuso el pago de m\u00e1s 490 mil pesos por la suma de los conceptos de multa y reparaci\u00f3n del a\u00f1o.<\/p>\n<p style=\"font-weight: 400; text-align: justify;\">La resoluci\u00f3n de casos de delitos de Alto Impacto son prioridad para la Fiscal\u00eda de Oaxaca para erradicar la repetici\u00f3n de este tipo de conductas que laceran el tejido social de\u00a0nuestro\u00a0estado.<\/p>\n","protected":false},"author":1,"featured_media":3175,"comment_status":"closed","ping_status":"closed","template":"","tags":[],"categoria_noticias":[],"class_list":["post-15605","noticias","type-noticias","status-publish","has-post-thumbnail","hentry"],"acf":[],"mb":[],"mfb_rest_fields":["title","gutenberg_elementor_mode"],"_links":{"self":[{"href":"https:\/\/portal.fgeo.gob.mx\/index.php\/wp-json\/wp\/v2\/noticias\/15605","targetHints":{"allow":["GET"]}}],"collection":[{"href":"https:\/\/portal.fgeo.gob.mx\/index.php\/wp-json\/wp\/v2\/noticias"}],"about":[{"href":"https:\/\/portal.fgeo.gob.mx\/index.php\/wp-json\/wp\/v2\/types\/noticias"}],"author":[{"embeddable":true,"href":"https:\/\/portal.fgeo.gob.mx\/index.php\/wp-json\/wp\/v2\/users\/1"}],"replies":[{"embeddable":true,"href":"https:\/\/portal.fgeo.gob.mx\/index.php\/wp-json\/wp\/v2\/comments?post=15605"}],"wp:featuredmedia":[{"embeddable":true,"href":"https:\/\/portal.fgeo.gob.mx\/index.php\/wp-json\/"}],"wp:attachment":[{"href":"https:\/\/portal.fgeo.gob.mx\/index.php\/wp-json\/wp\/v2\/media?parent=15605"}],"wp:term":[{"taxonomy":"post_tag","embeddable":true,"href":"https:\/\/portal.fgeo.gob.mx\/index.php\/wp-json\/wp\/v2\/tags?post=15605"},{"taxonomy":"categoria_noticias","embeddable":true,"href":"https:\/\/portal.fgeo.gob.mx\/index.php\/wp-json\/wp\/v2\/categoria_noticias?post=15605"}],"curies":[{"name":"wp","href":"https:\/\/api.w.org\/{rel}","templated":true}]}}