{"id":15604,"date":"2023-04-30T15:01:10","date_gmt":"2023-04-30T21:01:10","guid":{"rendered":"http:\/\/fge.oaxaca.gob.mx\/?post_type=noticias&amp;p=4987"},"modified":"2023-04-30T15:01:10","modified_gmt":"2023-04-30T21:01:10","slug":"4987","status":"publish","type":"noticias","link":"https:\/\/portal.fgeo.gob.mx\/index.php\/archivos\/noticias\/4987","title":{"rendered":"Celebra Agencia Estatal de Investigaciones a hijas e hijos de elementos de la corporaci\u00f3n"},"content":{"rendered":"<p style=\"font-weight: 400; text-align: justify;\"><strong>Oaxaca de Ju\u00e1rez, Oax., a 30 de abril de 2023.- \u00a0<\/strong>La Agencia Estatal de Investigaciones (AEI) de la Fiscal\u00eda General del Estado de Oaxaca (FGEO) llev\u00f3 a cabo una celebraci\u00f3n para las hijas e hijos de los elementos de la corporaci\u00f3n, en el marco del D\u00eda de la Ni\u00f1a y el Ni\u00f1o.<\/p>\n<p style=\"font-weight: 400; text-align: justify;\">Con una carrera atl\u00e9tica, as\u00ed como actividades l\u00fadicas y art\u00edsticas, que contaron con la participaci\u00f3n de la Secretar\u00eda de Seguridad y Protecci\u00f3n Ciudadana, la Secretar\u00eda de Seguridad Ciudadana, Movilidad y Protecci\u00f3n Civil del municipio de Oaxaca de Ju\u00e1rez, as\u00ed como del Heroico Cuerpo de Bomberos, las ni\u00f1as y ni\u00f1os disfrutaron de una amena ma\u00f1ana.<\/p>\n<p style=\"font-weight: 400; text-align: justify;\">Por su parte, el Fiscal General de Oaxaca, Bernardo Rodr\u00edguez Alamilla dio el banderazo de salida de las justas atl\u00e9ticas, adem\u00e1s de entregar premios a quienes obtuvieron los primeros lugares, as\u00ed como reconocimientos a todas y todos los participantes.<\/p>\n<p style=\"font-weight: 400; text-align: justify;\">Acompa\u00f1ado del coordinador de la AEI, Rogelio Humberto Garc\u00eda Hern\u00e1ndez, Rodr\u00edguez Alamilla afirm\u00f3 que, el deporte y la cultura son pilares fundamentales en la prevenci\u00f3n del delito, pues a trav\u00e9s de ellas se puede construir una sociedad sana colectivamente.<\/p>\n<p style=\"font-weight: 400; text-align: justify;\">De tal forma que celebr\u00f3 la realizaci\u00f3n de la Primera Carrera Atl\u00e9tica del D\u00eda de la Ni\u00f1a y el Ni\u00f1o convocada por la AEI, as\u00ed como la convivencia entre familias, compa\u00f1eras y compa\u00f1eros de la corporaci\u00f3n.<\/p>\n","protected":false},"author":1,"featured_media":3175,"comment_status":"closed","ping_status":"closed","template":"","tags":[],"categoria_noticias":[],"class_list":["post-15604","noticias","type-noticias","status-publish","has-post-thumbnail","hentry"],"acf":[],"mb":[],"mfb_rest_fields":["title","gutenberg_elementor_mode"],"_links":{"self":[{"href":"https:\/\/portal.fgeo.gob.mx\/index.php\/wp-json\/wp\/v2\/noticias\/15604","targetHints":{"allow":["GET"]}}],"collection":[{"href":"https:\/\/portal.fgeo.gob.mx\/index.php\/wp-json\/wp\/v2\/noticias"}],"about":[{"href":"https:\/\/portal.fgeo.gob.mx\/index.php\/wp-json\/wp\/v2\/types\/noticias"}],"author":[{"embeddable":true,"href":"https:\/\/portal.fgeo.gob.mx\/index.php\/wp-json\/wp\/v2\/users\/1"}],"replies":[{"embeddable":true,"href":"https:\/\/portal.fgeo.gob.mx\/index.php\/wp-json\/wp\/v2\/comments?post=15604"}],"wp:featuredmedia":[{"embeddable":true,"href":"https:\/\/portal.fgeo.gob.mx\/index.php\/wp-json\/"}],"wp:attachment":[{"href":"https:\/\/portal.fgeo.gob.mx\/index.php\/wp-json\/wp\/v2\/media?parent=15604"}],"wp:term":[{"taxonomy":"post_tag","embeddable":true,"href":"https:\/\/portal.fgeo.gob.mx\/index.php\/wp-json\/wp\/v2\/tags?post=15604"},{"taxonomy":"categoria_noticias","embeddable":true,"href":"https:\/\/portal.fgeo.gob.mx\/index.php\/wp-json\/wp\/v2\/categoria_noticias?post=15604"}],"curies":[{"name":"wp","href":"https:\/\/api.w.org\/{rel}","templated":true}]}}