{"id":15603,"date":"2023-04-30T11:16:38","date_gmt":"2023-04-30T17:16:38","guid":{"rendered":"http:\/\/fge.oaxaca.gob.mx\/?post_type=noticias&amp;p=4986"},"modified":"2023-04-30T11:16:38","modified_gmt":"2023-04-30T17:16:38","slug":"obtiene-fiscalia-de-oaxaca-fallo-condenatorio-contra-un-hombre-por-desaparicion-de-persona-delito-cometido-en-la-cuenca","status":"publish","type":"noticias","link":"https:\/\/portal.fgeo.gob.mx\/index.php\/archivos\/noticias\/obtiene-fiscalia-de-oaxaca-fallo-condenatorio-contra-un-hombre-por-desaparicion-de-persona-delito-cometido-en-la-cuenca","title":{"rendered":"Obtiene Fiscal\u00eda de Oaxaca fallo condenatorio contra un hombre por Desaparici\u00f3n de Persona, delito cometido en la Cuenca"},"content":{"rendered":"<p style=\"font-weight: 400; text-align: justify;\"><strong>Oaxaca de Ju\u00e1rez, Oax., a 30 de abril de 2023.-\u00a0\u00a0<\/strong>La Fiscal\u00eda General del Estado de Oaxaca (FGEO) obtuvo sentencia condenatoria contra una persona del sexo masculino identificada por las iniciales M. R. L., por su responsabilidad en el delito de desaparici\u00f3n cometida por particulares, en hechos ocurridos en la regi\u00f3n de la Cuenca del Papaloapan.<\/p>\n<p style=\"font-weight: 400; text-align: justify;\">De acuerdo con el expediente penal, los sucesos tuvieron lugar el 11 de noviembre de 2021, en el camino a Loma San Juan, Ampliaci\u00f3n Soledad, en el municipio de San Felipe Jalapa de D\u00edaz, donde se encontraban las dos v\u00edctimas identificadas como R. A. N. y A. A. A.<\/p>\n<p style=\"font-weight: 400; text-align: justify;\">Al sitio, arrib\u00f3 un veh\u00edculo del cual descendieron varias personas, quienes se llevaron a las v\u00edctimas con rumbo desconocido, siendo esta la \u00faltima vez que los vieron.<\/p>\n<p style=\"font-weight: 400; text-align: justify;\">Ante la situaci\u00f3n, se dio intervenci\u00f3n a la FGEO, por lo que el caso qued\u00f3 a cargo de la Vicefiscal\u00eda Regional de la Cuenca, que realiz\u00f3 las investigaciones que permitieron dar con el paradero de uno de los responsables, quien fue aprehendido y presentado ante el Juez que atiende la causa.<\/p>\n<p style=\"font-weight: 400; text-align: justify;\">Derivado de las investigaciones realizadas por la Fiscal\u00eda, las pruebas que apuntan a la responsabilidad de M. R. L., fueron evaluadas por el Juez, quien dict\u00f3 sentencia condenatoria en contra del imputado.<\/p>\n<p style=\"font-weight: 400; text-align: justify;\">Adem\u00e1s, se estableci\u00f3 el 2 de mayo de 2023, como la fecha para la audiencia de individualizaci\u00f3n de la sentencia.<\/p>\n<p style=\"font-weight: 400; text-align: justify;\">La Fiscal\u00eda de Oaxaca realiza investigaciones expeditas y con estricto apego a la ley para establecer la responsabilidad en la comisi\u00f3n de delitos de Alto Impacto que laceran profundamente el tejido social de las\u00a0comunidades.<\/p>\n","protected":false},"author":1,"featured_media":3175,"comment_status":"closed","ping_status":"closed","template":"","tags":[],"categoria_noticias":[],"class_list":["post-15603","noticias","type-noticias","status-publish","has-post-thumbnail","hentry"],"acf":[],"mb":[],"mfb_rest_fields":["title","gutenberg_elementor_mode"],"_links":{"self":[{"href":"https:\/\/portal.fgeo.gob.mx\/index.php\/wp-json\/wp\/v2\/noticias\/15603","targetHints":{"allow":["GET"]}}],"collection":[{"href":"https:\/\/portal.fgeo.gob.mx\/index.php\/wp-json\/wp\/v2\/noticias"}],"about":[{"href":"https:\/\/portal.fgeo.gob.mx\/index.php\/wp-json\/wp\/v2\/types\/noticias"}],"author":[{"embeddable":true,"href":"https:\/\/portal.fgeo.gob.mx\/index.php\/wp-json\/wp\/v2\/users\/1"}],"replies":[{"embeddable":true,"href":"https:\/\/portal.fgeo.gob.mx\/index.php\/wp-json\/wp\/v2\/comments?post=15603"}],"wp:featuredmedia":[{"embeddable":true,"href":"https:\/\/portal.fgeo.gob.mx\/index.php\/wp-json\/"}],"wp:attachment":[{"href":"https:\/\/portal.fgeo.gob.mx\/index.php\/wp-json\/wp\/v2\/media?parent=15603"}],"wp:term":[{"taxonomy":"post_tag","embeddable":true,"href":"https:\/\/portal.fgeo.gob.mx\/index.php\/wp-json\/wp\/v2\/tags?post=15603"},{"taxonomy":"categoria_noticias","embeddable":true,"href":"https:\/\/portal.fgeo.gob.mx\/index.php\/wp-json\/wp\/v2\/categoria_noticias?post=15603"}],"curies":[{"name":"wp","href":"https:\/\/api.w.org\/{rel}","templated":true}]}}