{"id":15602,"date":"2023-04-29T16:00:03","date_gmt":"2023-04-29T22:00:03","guid":{"rendered":"http:\/\/fge.oaxaca.gob.mx\/?post_type=noticias&amp;p=4985"},"modified":"2023-04-29T16:00:03","modified_gmt":"2023-04-29T22:00:03","slug":"fgeo-obtiene-vinculacion-a-proceso-por-dos-casos-diferentes-de-violacion-equiparada-cometida-contra-menores-de-edad","status":"publish","type":"noticias","link":"https:\/\/portal.fgeo.gob.mx\/index.php\/archivos\/noticias\/fgeo-obtiene-vinculacion-a-proceso-por-dos-casos-diferentes-de-violacion-equiparada-cometida-contra-menores-de-edad","title":{"rendered":"FGEO obtiene vinculaci\u00f3n a proceso por dos casos diferentes de violaci\u00f3n equiparada cometida contra menores de edad"},"content":{"rendered":"<p style=\"font-weight: 400; text-align: justify;\"><strong>Oaxaca de Ju\u00e1rez, Oax., a 29 de abril de 2023.-\u00a0<\/strong>La Fiscal\u00eda General del Estado de Oaxaca (FGEO) obtuvo auto de vinculaci\u00f3n a proceso, en dos casos diferentes, por el delito de violaci\u00f3n equiparada -en agravio de dos menores de edad-, por hechos ocurridos en la regi\u00f3n de la Costa.<\/p>\n<p style=\"font-weight: 400; text-align: justify;\">En el primero de los casos, la acci\u00f3n expedita de la FGEO permiti\u00f3 ejecutar una orden de aprehensi\u00f3n en contra de una persona del sexo masculino identificada por las iniciales F. G. L., luego que, el 19 de abril del a\u00f1o en curso en San Miguel Panixtlahuaca, una adolescente de 14 a\u00f1os de edad fue v\u00edctima del delito de violaci\u00f3n equiparada.<\/p>\n<p style=\"font-weight: 400; text-align: justify;\">Tras presentar al imputado ante el Juez, se evaluaron las pruebas en contra de F. G. L., por lo que se dict\u00f3 el auto de vinculaci\u00f3n a proceso en su contra, adem\u00e1s que se impuso prisi\u00f3n preventiva y se otorgaron dos meses para el cierre de la investigaci\u00f3n.<\/p>\n<p style=\"font-weight: 400; text-align: justify;\">El segundo caso sucedi\u00f3 el 18 de marzo de 2023, en un domicilio particular de Santa Mar\u00eda Huatulco. De acuerdo con la denuncia penal, la v\u00edctima es un ni\u00f1o de 10 a\u00f1os de edad, quien sufri\u00f3 una agresi\u00f3n sexual.<\/p>\n<p style=\"font-weight: 400; text-align: justify;\">Derivado de las investigaciones de la Fiscal\u00eda en torno al caso, se logr\u00f3 aprehender y posteriormente presentar ante al Juez a la persona del sexo masculino identificada como\u00a0 F.R o F.R.S., quien qued\u00f3 vinculado a proceso y en prisi\u00f3n preventiva por el delito de Equiparado a la Violaci\u00f3n, adem\u00e1s que concedieron un mes para el cierre de la investigaci\u00f3n.<\/p>\n<p style=\"font-weight: 400; text-align: justify;\">Para la atenci\u00f3n de ambos casos, intervino un equipo especializado, encabezado por la Unidad Operativa de Investigaci\u00f3n de Delitos Cometidos Contra la Mujer Por Raz\u00f3n De G\u00e9nero, dependiente de la Vicefiscal\u00eda Regional\u00a0de\u00a0la\u00a0Costa.<\/p>\n","protected":false},"author":1,"featured_media":3175,"comment_status":"closed","ping_status":"closed","template":"","tags":[],"categoria_noticias":[],"class_list":["post-15602","noticias","type-noticias","status-publish","has-post-thumbnail","hentry"],"acf":[],"mb":[],"mfb_rest_fields":["title","gutenberg_elementor_mode"],"_links":{"self":[{"href":"https:\/\/portal.fgeo.gob.mx\/index.php\/wp-json\/wp\/v2\/noticias\/15602","targetHints":{"allow":["GET"]}}],"collection":[{"href":"https:\/\/portal.fgeo.gob.mx\/index.php\/wp-json\/wp\/v2\/noticias"}],"about":[{"href":"https:\/\/portal.fgeo.gob.mx\/index.php\/wp-json\/wp\/v2\/types\/noticias"}],"author":[{"embeddable":true,"href":"https:\/\/portal.fgeo.gob.mx\/index.php\/wp-json\/wp\/v2\/users\/1"}],"replies":[{"embeddable":true,"href":"https:\/\/portal.fgeo.gob.mx\/index.php\/wp-json\/wp\/v2\/comments?post=15602"}],"wp:featuredmedia":[{"embeddable":true,"href":"https:\/\/portal.fgeo.gob.mx\/index.php\/wp-json\/"}],"wp:attachment":[{"href":"https:\/\/portal.fgeo.gob.mx\/index.php\/wp-json\/wp\/v2\/media?parent=15602"}],"wp:term":[{"taxonomy":"post_tag","embeddable":true,"href":"https:\/\/portal.fgeo.gob.mx\/index.php\/wp-json\/wp\/v2\/tags?post=15602"},{"taxonomy":"categoria_noticias","embeddable":true,"href":"https:\/\/portal.fgeo.gob.mx\/index.php\/wp-json\/wp\/v2\/categoria_noticias?post=15602"}],"curies":[{"name":"wp","href":"https:\/\/api.w.org\/{rel}","templated":true}]}}