{"id":15601,"date":"2023-04-29T14:15:17","date_gmt":"2023-04-29T20:15:17","guid":{"rendered":"http:\/\/fge.oaxaca.gob.mx\/?post_type=noticias&amp;p=4984"},"modified":"2023-04-29T14:15:17","modified_gmt":"2023-04-29T20:15:17","slug":"fiscalia-de-oaxaca-obtiene-fallo-condenatorio-en-contra-de-responsable-de-homicidio-cometido-en-san-agustin-yatareni","status":"publish","type":"noticias","link":"https:\/\/portal.fgeo.gob.mx\/index.php\/archivos\/noticias\/fiscalia-de-oaxaca-obtiene-fallo-condenatorio-en-contra-de-responsable-de-homicidio-cometido-en-san-agustin-yatareni","title":{"rendered":"Fiscal\u00eda de Oaxaca obtiene fallo condenatorio en contra de responsable de homicidio cometido en San Agust\u00edn Yatareni"},"content":{"rendered":"<p style=\"font-weight: 400; text-align: justify;\"><strong>Oaxaca de Ju\u00e1rez, Oax., a 29 de abril de 2023.-\u00a0<\/strong>Las investigaciones realizadas por la Fiscal\u00eda General del Estado de Oaxaca (FGEO) dieron como resultado la obtenci\u00f3n de un fallo condenatorio en contra de una persona del sexo masculino identificada por las iniciales J. M. C. H., responsable del delito de Homicidio Simple, cometido en la regi\u00f3n de los Valles Centrales.<\/p>\n<p style=\"font-weight: 400; text-align: justify;\">Conforme a lo establecido en el expediente penal, los hechos ocurrieron el 20 de mayo de 2018, en calles del municipio de San Agust\u00edn Yatareni, donde J. M. C. H. agredi\u00f3 con una navaja a M. A. G. C., a quien infligi\u00f3 lesiones que le provocaron la muerte.<\/p>\n<p style=\"font-weight: 400; text-align: justify;\">La FGEO tom\u00f3 conocimiento del caso y lo atrajo a trav\u00e9s de la Fiscal\u00eda Especializada para la Atenci\u00f3n a Delitos de Alto Impacto que estableci\u00f3 las l\u00edneas de investigaci\u00f3n que permitieron la aprehensi\u00f3n del imputado.<\/p>\n<p style=\"font-weight: 400; text-align: justify;\">Luego de llevar ante el Juez de la causa a J. M. C. H., la FGEO present\u00f3 las pruebas en su contra que, tras ser evaluadas, se dict\u00f3 fallo condenatorio en contra del responsable y se estableci\u00f3 el 5 de mayo de 2023, como la fecha para que se lleve a cabo la individualizaci\u00f3n de la sentencia.<\/p>\n<p style=\"font-weight: 400; text-align: justify;\">Las investigaciones de la Fiscal\u00eda General del Estado de Oaxaca tienen como objetivo prioritario la procuraci\u00f3n de justicia a favor de las v\u00edctimas, para que las conductas criminales se castiguen conforme a lo establecido en la Ley.<\/p>\n","protected":false},"author":1,"featured_media":3175,"comment_status":"closed","ping_status":"closed","template":"","tags":[],"categoria_noticias":[],"class_list":["post-15601","noticias","type-noticias","status-publish","has-post-thumbnail","hentry"],"acf":[],"mb":[],"mfb_rest_fields":["title","gutenberg_elementor_mode"],"_links":{"self":[{"href":"https:\/\/portal.fgeo.gob.mx\/index.php\/wp-json\/wp\/v2\/noticias\/15601","targetHints":{"allow":["GET"]}}],"collection":[{"href":"https:\/\/portal.fgeo.gob.mx\/index.php\/wp-json\/wp\/v2\/noticias"}],"about":[{"href":"https:\/\/portal.fgeo.gob.mx\/index.php\/wp-json\/wp\/v2\/types\/noticias"}],"author":[{"embeddable":true,"href":"https:\/\/portal.fgeo.gob.mx\/index.php\/wp-json\/wp\/v2\/users\/1"}],"replies":[{"embeddable":true,"href":"https:\/\/portal.fgeo.gob.mx\/index.php\/wp-json\/wp\/v2\/comments?post=15601"}],"wp:featuredmedia":[{"embeddable":true,"href":"https:\/\/portal.fgeo.gob.mx\/index.php\/wp-json\/"}],"wp:attachment":[{"href":"https:\/\/portal.fgeo.gob.mx\/index.php\/wp-json\/wp\/v2\/media?parent=15601"}],"wp:term":[{"taxonomy":"post_tag","embeddable":true,"href":"https:\/\/portal.fgeo.gob.mx\/index.php\/wp-json\/wp\/v2\/tags?post=15601"},{"taxonomy":"categoria_noticias","embeddable":true,"href":"https:\/\/portal.fgeo.gob.mx\/index.php\/wp-json\/wp\/v2\/categoria_noticias?post=15601"}],"curies":[{"name":"wp","href":"https:\/\/api.w.org\/{rel}","templated":true}]}}