{"id":15600,"date":"2023-04-28T16:43:18","date_gmt":"2023-04-28T22:43:18","guid":{"rendered":"http:\/\/fge.oaxaca.gob.mx\/?post_type=noticias&amp;p=4983"},"modified":"2023-04-28T16:43:18","modified_gmt":"2023-04-28T22:43:18","slug":"fiscalia-de-oaxaca-aprehende-a-sujeto-por-desaparicion-de-un-hombre-en-etla-suman-seis-personas-bajo-proceso-penal-por-el-caso","status":"publish","type":"noticias","link":"https:\/\/portal.fgeo.gob.mx\/index.php\/archivos\/noticias\/fiscalia-de-oaxaca-aprehende-a-sujeto-por-desaparicion-de-un-hombre-en-etla-suman-seis-personas-bajo-proceso-penal-por-el-caso","title":{"rendered":"Fiscal\u00eda de Oaxaca aprehende a sujeto por desaparici\u00f3n de un hombre en Etla &#8211; suman seis personas bajo proceso penal por el caso"},"content":{"rendered":"<p style=\"font-weight: 400; text-align: justify;\"><strong>Oaxaca de Ju\u00e1rez, Oax., a 28 de abril de 2023.-\u00a0<\/strong>La Fiscal\u00eda General del Estado de Oaxaca (FGEO), a trav\u00e9s de la Agencia Estatal de Investigaciones ejecut\u00f3 una orden de aprehensi\u00f3n en contra de J. F. H. A, por el delito de desaparici\u00f3n de persona cometida por particulares, cometido en San Pablo Etla, en la regi\u00f3n de los Valles Centrales.<\/p>\n<p style=\"font-weight: 400; text-align: justify;\">Con esta detenci\u00f3n, suman seis las personas que est\u00e1n bajo proceso penal por este mismo caso.<\/p>\n<p style=\"font-weight: 400; text-align: justify;\">De acuerdo con el expediente penal, los hechos ocurrieron el 14 de enero de 2021, en la colonia Morelos del municipio antes mencionado, donde un grupo de personas se llev\u00f3 a la v\u00edctima identificada como P. F. C. S., siendo esa la \u00faltima vez que lo vieron.<\/p>\n<p style=\"font-weight: 400; text-align: justify;\">Tras recibir la denuncia, la Fiscal\u00eda de Oaxaca dio intervenci\u00f3n a la Unidad Especializada en Desaparici\u00f3n Forzada de la Vicefiscal\u00eda General de Atenci\u00f3n a V\u00edctimas y a la Sociedad, que inici\u00f3 las investigaciones correspondientes que permitieron establecer el paradero de J. F. H. A., por lo que elementos de la AEI ejecut\u00f3 la orden de aprehensi\u00f3n en su contra y ser\u00e1 presentado ante el Juez para que determine su situaci\u00f3n jur\u00eddica en las pr\u00f3ximas horas.<\/p>\n<p style=\"font-weight: 400; text-align: justify;\">Adem\u00e1s, que, por este mismo caso, hay otras cinco personas del sexo masculino que est\u00e1n bajo proceso penal, se trata de A. C. L., F. J. O. C., A. G. G. R., A. M. H. L., as\u00ed como\u00a0J.\u00a0I.\u00a0M.\u00a0S.<\/p>\n","protected":false},"author":1,"featured_media":3175,"comment_status":"closed","ping_status":"closed","template":"","tags":[],"categoria_noticias":[],"class_list":["post-15600","noticias","type-noticias","status-publish","has-post-thumbnail","hentry"],"acf":[],"mb":[],"mfb_rest_fields":["title","gutenberg_elementor_mode"],"_links":{"self":[{"href":"https:\/\/portal.fgeo.gob.mx\/index.php\/wp-json\/wp\/v2\/noticias\/15600","targetHints":{"allow":["GET"]}}],"collection":[{"href":"https:\/\/portal.fgeo.gob.mx\/index.php\/wp-json\/wp\/v2\/noticias"}],"about":[{"href":"https:\/\/portal.fgeo.gob.mx\/index.php\/wp-json\/wp\/v2\/types\/noticias"}],"author":[{"embeddable":true,"href":"https:\/\/portal.fgeo.gob.mx\/index.php\/wp-json\/wp\/v2\/users\/1"}],"replies":[{"embeddable":true,"href":"https:\/\/portal.fgeo.gob.mx\/index.php\/wp-json\/wp\/v2\/comments?post=15600"}],"wp:featuredmedia":[{"embeddable":true,"href":"https:\/\/portal.fgeo.gob.mx\/index.php\/wp-json\/"}],"wp:attachment":[{"href":"https:\/\/portal.fgeo.gob.mx\/index.php\/wp-json\/wp\/v2\/media?parent=15600"}],"wp:term":[{"taxonomy":"post_tag","embeddable":true,"href":"https:\/\/portal.fgeo.gob.mx\/index.php\/wp-json\/wp\/v2\/tags?post=15600"},{"taxonomy":"categoria_noticias","embeddable":true,"href":"https:\/\/portal.fgeo.gob.mx\/index.php\/wp-json\/wp\/v2\/categoria_noticias?post=15600"}],"curies":[{"name":"wp","href":"https:\/\/api.w.org\/{rel}","templated":true}]}}