{"id":15597,"date":"2023-04-27T17:29:17","date_gmt":"2023-04-27T23:29:17","guid":{"rendered":"http:\/\/fge.oaxaca.gob.mx\/?post_type=noticias&amp;p=4978"},"modified":"2023-04-27T17:29:17","modified_gmt":"2023-04-27T23:29:17","slug":"logra-fiscalia-fallo-condenatorio-contra-responsables-de-trata-de-personas-y-explotacion-laboral-de-ninas-ninos-y-adultos-indigenas-originarios-de-chiapas","status":"publish","type":"noticias","link":"https:\/\/portal.fgeo.gob.mx\/index.php\/archivos\/noticias\/logra-fiscalia-fallo-condenatorio-contra-responsables-de-trata-de-personas-y-explotacion-laboral-de-ninas-ninos-y-adultos-indigenas-originarios-de-chiapas","title":{"rendered":"Logra Fiscal\u00eda fallo condenatorio contra responsables de trata de personas y explotaci\u00f3n laboral de ni\u00f1as, ni\u00f1os y adultos ind\u00edgenas originarios de Chiapas"},"content":{"rendered":"<p style=\"font-weight: 400; text-align: justify;\"><strong>Oaxaca de Ju\u00e1rez, Oax., a 27 de abril de 2023.- \u00a0<\/strong>La Fiscal\u00eda General del Estado de Oaxaca (FGEO) obtuvo fallo condenatorio en contra de dos hombres identificados con las iniciales A. P. R. y A. P. H., as\u00ed como una mujer de nombre O. R. H., por los delitos de trata de personas, explotaci\u00f3n laboral y mendicidad ajena, todos agravados, en raz\u00f3n del origen ind\u00edgena de las v\u00edctimas: 13 ni\u00f1os, ni\u00f1as, adolescentes y adultos, originarios del estado de Chiapas.<\/p>\n<p style=\"font-weight: 400; text-align: justify;\">La detenci\u00f3n de los responsables de estos delitos sucedi\u00f3 el 13 de octubre de 2018, gracias a las investigaciones realizadas por la Fiscal\u00eda Especializada para la Atenci\u00f3n a Delitos de Alto Impacto (FEDAI), misma que ejecut\u00f3 un cateo en un domicilio particular en la en Privada de Bel\u00e9n, de la Colonia Samaritana, en el municipio de Santa Mar\u00eda Atzompa, en los Valles Centrales de Oaxaca.<\/p>\n<p style=\"font-weight: 400; text-align: justify;\">Tras realizar el cateo, las v\u00edctimas refirieron que O. R. H., A. P. R. y A. P. H., los obligaban a trabajar en los cruceros de la capital de Oaxaca y la zona metropolitana, donde ped\u00edan limosna, limpiaban parabrisas y vend\u00edan frutas.<\/p>\n<p style=\"font-weight: 400; text-align: justify;\">Luego de presentar a los imputados ante el Juez que atiende la causa y tras evaluar las pruebas, se dict\u00f3 fall\u00f3 condenatorio en contra de O. R. H., A. P. R. y A. P. H., como responsables de los delitos de Trata de personas, Explotaci\u00f3n laboral y Mendicidad ajena, adem\u00e1s que se\u00f1al\u00f3 el 5 de mayo de 2023 para la audiencia de individualizaci\u00f3n de sanciones y reparaci\u00f3n del da\u00f1o.<\/p>\n<p style=\"font-weight: 400; text-align: justify;\">La trata de personas y la explotaci\u00f3n laboral, en cualquiera de sus modalidades, son delitos que violentan el derecho a una vida libre de violencia que debe garantizarse a favor de las ni\u00f1as, ni\u00f1os y adolescentes, por lo que la Fiscal\u00eda de Oaxaca realiza investigaciones especializadas que permitan castigar a los responsables de estas conductas\u00a0criminales.<\/p>\n","protected":false},"author":1,"featured_media":3175,"comment_status":"closed","ping_status":"closed","template":"","tags":[],"categoria_noticias":[],"class_list":["post-15597","noticias","type-noticias","status-publish","has-post-thumbnail","hentry"],"acf":[],"mb":[],"mfb_rest_fields":["title","gutenberg_elementor_mode"],"_links":{"self":[{"href":"https:\/\/portal.fgeo.gob.mx\/index.php\/wp-json\/wp\/v2\/noticias\/15597","targetHints":{"allow":["GET"]}}],"collection":[{"href":"https:\/\/portal.fgeo.gob.mx\/index.php\/wp-json\/wp\/v2\/noticias"}],"about":[{"href":"https:\/\/portal.fgeo.gob.mx\/index.php\/wp-json\/wp\/v2\/types\/noticias"}],"author":[{"embeddable":true,"href":"https:\/\/portal.fgeo.gob.mx\/index.php\/wp-json\/wp\/v2\/users\/1"}],"replies":[{"embeddable":true,"href":"https:\/\/portal.fgeo.gob.mx\/index.php\/wp-json\/wp\/v2\/comments?post=15597"}],"wp:featuredmedia":[{"embeddable":true,"href":"https:\/\/portal.fgeo.gob.mx\/index.php\/wp-json\/"}],"wp:attachment":[{"href":"https:\/\/portal.fgeo.gob.mx\/index.php\/wp-json\/wp\/v2\/media?parent=15597"}],"wp:term":[{"taxonomy":"post_tag","embeddable":true,"href":"https:\/\/portal.fgeo.gob.mx\/index.php\/wp-json\/wp\/v2\/tags?post=15597"},{"taxonomy":"categoria_noticias","embeddable":true,"href":"https:\/\/portal.fgeo.gob.mx\/index.php\/wp-json\/wp\/v2\/categoria_noticias?post=15597"}],"curies":[{"name":"wp","href":"https:\/\/api.w.org\/{rel}","templated":true}]}}