{"id":15596,"date":"2023-04-26T14:40:05","date_gmt":"2023-04-26T20:40:05","guid":{"rendered":"http:\/\/fge.oaxaca.gob.mx\/?post_type=noticias&amp;p=4977"},"modified":"2023-04-26T14:40:05","modified_gmt":"2023-04-26T20:40:05","slug":"refrenda-fiscalia-de-oaxaca-cero-tolerancia-contra-delito-de-violencia-familiar","status":"publish","type":"noticias","link":"https:\/\/portal.fgeo.gob.mx\/index.php\/archivos\/noticias\/refrenda-fiscalia-de-oaxaca-cero-tolerancia-contra-delito-de-violencia-familiar","title":{"rendered":"Refrenda Fiscal\u00eda de Oaxaca cero tolerancia contra delito de violencia familiar"},"content":{"rendered":"<p style=\"font-weight: 400; text-align: justify;\">*Vicefiscal\u00eda Regional de la Cuenta obtiene dos sentencias y dos vinculaciones a proceso por dicho delito<\/p>\n<p style=\"font-weight: 400; text-align: justify;\">Oaxaca de Ju\u00e1rez, Oax., a 26 de abril de 2023.-\u00a0 En el marco de la estrategia de cero tolerancia a la impunidad del delito de violencia familiar implementada por la Fiscal\u00eda General del Estado de Oaxaca (FGEO), la Vicefiscal\u00eda Regional de la Cuenca, obtuvo dos sentencias, as\u00ed como dos vinculaciones a proceso por la comisi\u00f3n de este delito.<\/p>\n<p style=\"font-weight: 400; text-align: justify;\">La primera condena es resultado de la investigaci\u00f3n realizada por hechos ocurridos el 19 de septiembre de 2021, en un domicilio particular localizado en San Juan Bautista Tuxtepec, donde D. F. S. agredi\u00f3 f\u00edsica y verbalmente a su concubina.<\/p>\n<p style=\"font-weight: 400; text-align: justify;\">Ante la intervenci\u00f3n de la FGEO, se logr\u00f3 la aprehensi\u00f3n de D. F. S. quien fue presentado ante el Juez que atiende la causa, el cual dict\u00f3 sentencia condenatoria de 3 a\u00f1os de prisi\u00f3n e impuso el pago de una multa y la reparaci\u00f3n del da\u00f1o a favor de la v\u00edctima por el delito de violencia familiar.<\/p>\n<p style=\"font-weight: 400; text-align: justify;\">La segunda sentencia obtenida por la Vicefiscal\u00eda de la Cuenca, es consecuencia de los hechos suscitados el 14 y el 16 de octubre de 2020, cuando A. G. M. violent\u00f3 de diversas maneras a la v\u00edctima -esposa-, cuando se encontraba en el domicilio particular ubicado en el municipio de Valle Nacional.<\/p>\n<p style=\"font-weight: 400; text-align: justify;\">La Fiscal\u00eda de Oaxaca atrajo el caso y realiz\u00f3 las investigaciones de las que se obtuvieron pruebas suficientes para presentarlas ante el Juez que, a partir de estos resultados, dict\u00f3 sentencia condenatoria en contra de A. G. M., quien pasar\u00e1 3 a\u00f1os en prisi\u00f3n y tendr\u00e1 que pagar una multa y la reparaci\u00f3n del da\u00f1o.<\/p>\n<p style=\"font-weight: 400; text-align: justify;\">Asimismo, la Vicefiscal\u00eda de la Cuenca, logr\u00f3 una vinculaci\u00f3n a proceso por hechos registrados en varias ocasiones durante el periodo en que la v\u00edctima vivi\u00f3 en concubinato con el imputado, identificado por las iniciales J. C. F.<\/p>\n<p style=\"font-weight: 400; text-align: justify;\">Por lo que elementos de la Agencia Estatal de Investigaciones (AEI) ejecutaron la orden de aprehensi\u00f3n en contra del imputado, quien qued\u00f3 a disposici\u00f3n del Juez que atiende la causa.<\/p>\n<p style=\"font-weight: 400; text-align: justify;\">As\u00ed tambi\u00e9n la FGEO en la Cuenca, obtuvo del Juez la vinculaci\u00f3n a proceso de J. C. R. F. por el delito de violencia familiar, quien adem\u00e1s concedi\u00f3 prisi\u00f3n preventiva por hechos ocurridos en San Pedro Ixcatl\u00e1n el 22 de diciembre de 2021 y el 28 de enero de 2023, cuando la v\u00edctima result\u00f3 con lesiones por las agresiones\u00a0que\u00a0sufri\u00f3.<\/p>\n","protected":false},"author":1,"featured_media":3175,"comment_status":"closed","ping_status":"closed","template":"","tags":[],"categoria_noticias":[],"class_list":["post-15596","noticias","type-noticias","status-publish","has-post-thumbnail","hentry"],"acf":[],"mb":[],"mfb_rest_fields":["title","gutenberg_elementor_mode"],"_links":{"self":[{"href":"https:\/\/portal.fgeo.gob.mx\/index.php\/wp-json\/wp\/v2\/noticias\/15596","targetHints":{"allow":["GET"]}}],"collection":[{"href":"https:\/\/portal.fgeo.gob.mx\/index.php\/wp-json\/wp\/v2\/noticias"}],"about":[{"href":"https:\/\/portal.fgeo.gob.mx\/index.php\/wp-json\/wp\/v2\/types\/noticias"}],"author":[{"embeddable":true,"href":"https:\/\/portal.fgeo.gob.mx\/index.php\/wp-json\/wp\/v2\/users\/1"}],"replies":[{"embeddable":true,"href":"https:\/\/portal.fgeo.gob.mx\/index.php\/wp-json\/wp\/v2\/comments?post=15596"}],"wp:featuredmedia":[{"embeddable":true,"href":"https:\/\/portal.fgeo.gob.mx\/index.php\/wp-json\/"}],"wp:attachment":[{"href":"https:\/\/portal.fgeo.gob.mx\/index.php\/wp-json\/wp\/v2\/media?parent=15596"}],"wp:term":[{"taxonomy":"post_tag","embeddable":true,"href":"https:\/\/portal.fgeo.gob.mx\/index.php\/wp-json\/wp\/v2\/tags?post=15596"},{"taxonomy":"categoria_noticias","embeddable":true,"href":"https:\/\/portal.fgeo.gob.mx\/index.php\/wp-json\/wp\/v2\/categoria_noticias?post=15596"}],"curies":[{"name":"wp","href":"https:\/\/api.w.org\/{rel}","templated":true}]}}