{"id":15595,"date":"2023-04-26T12:26:26","date_gmt":"2023-04-26T18:26:26","guid":{"rendered":"http:\/\/fge.oaxaca.gob.mx\/?post_type=noticias&amp;p=4976"},"modified":"2023-04-26T12:26:26","modified_gmt":"2023-04-26T18:26:26","slug":"inicia-fgeo-proceso-de-acreditacion-de-la-unidad-forense-de-criminalistica","status":"publish","type":"noticias","link":"https:\/\/portal.fgeo.gob.mx\/index.php\/archivos\/noticias\/inicia-fgeo-proceso-de-acreditacion-de-la-unidad-forense-de-criminalistica","title":{"rendered":"Inicia FGEO proceso de acreditaci\u00f3n de la Unidad Forense de Criminal\u00edstica"},"content":{"rendered":"<p style=\"font-weight: 400; text-align: justify;\"><strong>Oaxaca de Ju\u00e1rez, Oax., a 26 de abril de 2023.-\u00a0<\/strong>El Instituto de Servicios Periciales de la Fiscal\u00eda General de Justicia del Estado de Oaxaca (FGEO) inici\u00f3 el proceso de acreditaci\u00f3n de la Unidad Forense de Criminal\u00edstica bajo est\u00e1ndares de calidad en la norma internacional ISO\/IEC 17020, con el arranque del curso \u201cInvestigaci\u00f3n en la Escena del Crimen\u201d \u2013CSI por sus siglas en ingl\u00e9s&#8211;.<\/p>\n<p style=\"font-weight: 400; text-align: justify;\">Al respecto, el director del Instituto, Jorge G\u00f3mez Guerrero apunt\u00f3 que esta capacitaci\u00f3n es impartida en dos bloques, del 24 de abril al 6 de mayo (la primera) y del 8 al 20 de mayo (la segunda), ambas dirigidas a peritos en criminal\u00edstica y Agentes Estatales de Investigaci\u00f3n de la propia FGEO.<\/p>\n<p style=\"font-weight: 400; text-align: justify;\">La tem\u00e1tica que se abordar\u00e1, detall\u00f3, consiste en: deontolog\u00eda pericial; administraci\u00f3n para el an\u00e1lisis y procesamiento del lugar de intervenci\u00f3n; documentaci\u00f3n fotogr\u00e1fica, documentaci\u00f3n en materia de planimetr\u00eda, inspecci\u00f3n t\u00e9cnica a cad\u00e1ver, inspecci\u00f3n t\u00e9cnica a veh\u00edculos, mejora de evidencia (revelado de huellas latentes); pruebas presuntivas (sangre de naturaleza humana); identificaci\u00f3n, recolecci\u00f3n, embalaje y preservaci\u00f3n de indicios; testimonio en juicio oral e implementaci\u00f3n del sistema de gesti\u00f3n de calidad en la unidad forense de criminal\u00edstica<\/p>\n<p style=\"font-weight: 400; text-align: justify;\">Por su parte, el titular del Instituto de Formaci\u00f3n y Capacitaci\u00f3n de la Fiscal\u00eda, Juan Pablo Morales Garc\u00eda, apunt\u00f3 que con este proceso formativo se impulsa la competencia t\u00e9cnica del personal pericial desarrollando conocimientos, habilidades, destrezas y aptitudes que contribuyan a realizar sus actividades de manera cient\u00edfica cuando se encuentre procesado el lugar de intervenci\u00f3n.<\/p>\n<p style=\"font-weight: 400; text-align: justify;\">La Fiscal\u00eda General del Estado de Oaxaca refrenda su compromiso de fomentar la capacitaci\u00f3n permanente del personal, para contribuir a las investigaciones criminales y procurar justicia a favor de la sociedad oaxaque\u00f1a.<\/p>\n","protected":false},"author":1,"featured_media":3175,"comment_status":"closed","ping_status":"closed","template":"","tags":[],"categoria_noticias":[],"class_list":["post-15595","noticias","type-noticias","status-publish","has-post-thumbnail","hentry"],"acf":[],"mb":[],"mfb_rest_fields":["title","gutenberg_elementor_mode"],"_links":{"self":[{"href":"https:\/\/portal.fgeo.gob.mx\/index.php\/wp-json\/wp\/v2\/noticias\/15595","targetHints":{"allow":["GET"]}}],"collection":[{"href":"https:\/\/portal.fgeo.gob.mx\/index.php\/wp-json\/wp\/v2\/noticias"}],"about":[{"href":"https:\/\/portal.fgeo.gob.mx\/index.php\/wp-json\/wp\/v2\/types\/noticias"}],"author":[{"embeddable":true,"href":"https:\/\/portal.fgeo.gob.mx\/index.php\/wp-json\/wp\/v2\/users\/1"}],"replies":[{"embeddable":true,"href":"https:\/\/portal.fgeo.gob.mx\/index.php\/wp-json\/wp\/v2\/comments?post=15595"}],"wp:featuredmedia":[{"embeddable":true,"href":"https:\/\/portal.fgeo.gob.mx\/index.php\/wp-json\/"}],"wp:attachment":[{"href":"https:\/\/portal.fgeo.gob.mx\/index.php\/wp-json\/wp\/v2\/media?parent=15595"}],"wp:term":[{"taxonomy":"post_tag","embeddable":true,"href":"https:\/\/portal.fgeo.gob.mx\/index.php\/wp-json\/wp\/v2\/tags?post=15595"},{"taxonomy":"categoria_noticias","embeddable":true,"href":"https:\/\/portal.fgeo.gob.mx\/index.php\/wp-json\/wp\/v2\/categoria_noticias?post=15595"}],"curies":[{"name":"wp","href":"https:\/\/api.w.org\/{rel}","templated":true}]}}