{"id":15594,"date":"2023-04-25T22:00:54","date_gmt":"2023-04-26T04:00:54","guid":{"rendered":"http:\/\/fge.oaxaca.gob.mx\/?post_type=noticias&amp;p=4974"},"modified":"2023-04-25T22:00:54","modified_gmt":"2023-04-26T04:00:54","slug":"investiga-fiscalia-de-oaxaca-homicidio-calificado-cometido-contra-ex-presidente-de-santa-catarina-juquila","status":"publish","type":"noticias","link":"https:\/\/portal.fgeo.gob.mx\/index.php\/archivos\/noticias\/investiga-fiscalia-de-oaxaca-homicidio-calificado-cometido-contra-ex-presidente-de-santa-catarina-juquila","title":{"rendered":"Investiga Fiscal\u00eda de Oaxaca homicidio calificado cometido contra ex presidente de Santa Catarina Juquila"},"content":{"rendered":"<p style=\"font-weight: 400; text-align: justify;\">Oaxaca de Ju\u00e1rez, Oax., a 25 de abril de 2023.-\u00a0 La Fiscal\u00eda General del Estado de Oaxaca (FGEO) inici\u00f3 una carpeta de investigaci\u00f3n por el delito de homicidio calificado, cometido contra la persona del sexo masculino identificada por las iniciales F. Z. P., en hechos ocurridos en calles de Santa Catarina Juquila, en la regi\u00f3n de la Costa.<\/p>\n<p style=\"font-weight: 400; text-align: justify;\">De acuerdo con las primeras indagatorias, la tarde de este martes, la v\u00edctima identificada como F. Z. P., fue atacada con armas de fuego cuando se encontraba a un costado del pante\u00f3n de dicho municipio.<\/p>\n<p style=\"font-weight: 400; text-align: justify;\">Luego de la agresi\u00f3n, la Fiscal\u00eda de Oaxaca tom\u00f3 conocimiento del caso a trav\u00e9s de la Vicefiscal\u00eda Regional de la Costa que inici\u00f3 la carpeta de investigaci\u00f3n correspondiente por el delito de homicidio calificado, adem\u00e1s que orden\u00f3 el despliegue de un equipo multidisciplinario para procesar las evidencias e indicios en el lugar de los hechos.<\/p>\n<p style=\"font-weight: 400; text-align: justify;\">Derivado de las investigaciones iniciales, se logr\u00f3 establecer que F. Z. P. era ex presidente municipal de Santa Catarina Juquila.<\/p>\n<p style=\"font-weight: 400; text-align: justify;\">La Fiscal\u00eda de Oaxaca mantiene el compromiso de procurar justicia a las v\u00edctimas directas e indirectas de hechos de alto impacto para la sociedad, por lo que cuenta con expertos en materia jur\u00eddica y de an\u00e1lisis cient\u00edfico y t\u00e9cnico que dan certeza a las pruebas aportadas en el proceso de esclarecimiento\u00a0de\u00a0casos.<\/p>\n","protected":false},"author":1,"featured_media":3175,"comment_status":"closed","ping_status":"closed","template":"","tags":[],"categoria_noticias":[],"class_list":["post-15594","noticias","type-noticias","status-publish","has-post-thumbnail","hentry"],"acf":[],"mb":[],"mfb_rest_fields":["title","gutenberg_elementor_mode"],"_links":{"self":[{"href":"https:\/\/portal.fgeo.gob.mx\/index.php\/wp-json\/wp\/v2\/noticias\/15594","targetHints":{"allow":["GET"]}}],"collection":[{"href":"https:\/\/portal.fgeo.gob.mx\/index.php\/wp-json\/wp\/v2\/noticias"}],"about":[{"href":"https:\/\/portal.fgeo.gob.mx\/index.php\/wp-json\/wp\/v2\/types\/noticias"}],"author":[{"embeddable":true,"href":"https:\/\/portal.fgeo.gob.mx\/index.php\/wp-json\/wp\/v2\/users\/1"}],"replies":[{"embeddable":true,"href":"https:\/\/portal.fgeo.gob.mx\/index.php\/wp-json\/wp\/v2\/comments?post=15594"}],"wp:featuredmedia":[{"embeddable":true,"href":"https:\/\/portal.fgeo.gob.mx\/index.php\/wp-json\/"}],"wp:attachment":[{"href":"https:\/\/portal.fgeo.gob.mx\/index.php\/wp-json\/wp\/v2\/media?parent=15594"}],"wp:term":[{"taxonomy":"post_tag","embeddable":true,"href":"https:\/\/portal.fgeo.gob.mx\/index.php\/wp-json\/wp\/v2\/tags?post=15594"},{"taxonomy":"categoria_noticias","embeddable":true,"href":"https:\/\/portal.fgeo.gob.mx\/index.php\/wp-json\/wp\/v2\/categoria_noticias?post=15594"}],"curies":[{"name":"wp","href":"https:\/\/api.w.org\/{rel}","templated":true}]}}