{"id":15592,"date":"2023-04-24T16:13:01","date_gmt":"2023-04-24T22:13:01","guid":{"rendered":"http:\/\/fge.oaxaca.gob.mx\/?post_type=noticias&amp;p=4971"},"modified":"2023-04-24T16:13:01","modified_gmt":"2023-04-24T22:13:01","slug":"suma-esfuerzos-fgeo-con-asociacion-de-hoteles-y-moteles-verde-antequera-para-prevenir-delitos-contra-ramo-turistico","status":"publish","type":"noticias","link":"https:\/\/portal.fgeo.gob.mx\/index.php\/archivos\/noticias\/suma-esfuerzos-fgeo-con-asociacion-de-hoteles-y-moteles-verde-antequera-para-prevenir-delitos-contra-ramo-turistico","title":{"rendered":"Suma esfuerzos FGEO con Asociaci\u00f3n de Hoteles y Moteles \u201cVerde Antequera\u201d, para prevenir delitos contra ramo tur\u00edstico"},"content":{"rendered":"<ul>\n<li style=\"font-weight: 400; text-align: justify;\"><em>Fiscal General, Bernardo Rodr\u00edguez Alamilla se re\u00fane con l\u00edderes del sector empresarial<\/em><\/li>\n<\/ul>\n<p style=\"font-weight: 400; text-align: justify;\"><strong>\u00a0<\/strong><\/p>\n<p style=\"font-weight: 400; text-align: justify;\"><strong>Oaxaca de Ju\u00e1rez, Oax., a \u00a024 de abril de 2023.- \u00a0<\/strong>El Fiscal General del Estado de Oaxaca, Bernardo Rodr\u00edguez Alamilla, sostuvo un encuentro con empresarias y empresarios hoteleros adheridos a la Asociaci\u00f3n de Hoteles y Moteles \u201cVerde Antequera\u201d, para abordar temas de prevenci\u00f3n del delitos que permitan garantizar la seguridad de las y los visitantes; as\u00ed como de los propios prestadores de servicios.<\/p>\n<p style=\"font-weight: 400; text-align: justify;\">El titular de la FGEO, afirm\u00f3 que el trabajo en conjunto para atender las necesidades en materia de seguridad que exige este ramo, promover\u00e1 que las trabajadoras y trabajadores que atienden a los turistas, sepan qu\u00e9 hacer en caso de recibir llamadas extorsivas o que busquen obtener datos personales de los hu\u00e9spedes, para protegerlos durante su estancia en nuestra entidad.<\/p>\n<p style=\"font-weight: 400; text-align: justify;\">\u201cLa Fiscal\u00eda tiene como principal objetivo la procuraci\u00f3n de justicia ante delitos ya consumados, sin embargo, la prevenci\u00f3n es fundamental, por lo que, en este cambio de paradigmas, se est\u00e1 trabajando conjuntamente con asociaciones empresariales &#8211;en este caso del rubro hotelero&#8211;, lo que fomentar\u00e1 espacios seguros\u201d, apunt\u00f3 Rodr\u00edguez Alamilla.<\/p>\n<p style=\"font-weight: 400; text-align: justify;\">Indic\u00f3 que los acercamientos son parte de una estrategia de prevenci\u00f3n ante la detecci\u00f3n de un incremento en la tentativa de comisi\u00f3n de delitos como la extorsi\u00f3n telef\u00f3nica y secuestro virtual, por lo que se han iniciado acciones para evitar la comisi\u00f3n de estos delitos.<\/p>\n<p style=\"font-weight: 400; text-align: justify;\">Por su parte, la Asociaci\u00f3n de Hoteles y Moteles \u201cVerde Antequera\u201d reconoci\u00f3 la disposici\u00f3n del Fiscal General del Estado de Oaxaca de sumar esfuerzos, as\u00ed como de emprender medidas que anticipen este tipo de conductas delictivas.<\/p>\n","protected":false},"author":1,"featured_media":3175,"comment_status":"closed","ping_status":"closed","template":"","tags":[],"categoria_noticias":[],"class_list":["post-15592","noticias","type-noticias","status-publish","has-post-thumbnail","hentry"],"acf":[],"mb":[],"mfb_rest_fields":["title","gutenberg_elementor_mode"],"_links":{"self":[{"href":"https:\/\/portal.fgeo.gob.mx\/index.php\/wp-json\/wp\/v2\/noticias\/15592","targetHints":{"allow":["GET"]}}],"collection":[{"href":"https:\/\/portal.fgeo.gob.mx\/index.php\/wp-json\/wp\/v2\/noticias"}],"about":[{"href":"https:\/\/portal.fgeo.gob.mx\/index.php\/wp-json\/wp\/v2\/types\/noticias"}],"author":[{"embeddable":true,"href":"https:\/\/portal.fgeo.gob.mx\/index.php\/wp-json\/wp\/v2\/users\/1"}],"replies":[{"embeddable":true,"href":"https:\/\/portal.fgeo.gob.mx\/index.php\/wp-json\/wp\/v2\/comments?post=15592"}],"wp:featuredmedia":[{"embeddable":true,"href":"https:\/\/portal.fgeo.gob.mx\/index.php\/wp-json\/"}],"wp:attachment":[{"href":"https:\/\/portal.fgeo.gob.mx\/index.php\/wp-json\/wp\/v2\/media?parent=15592"}],"wp:term":[{"taxonomy":"post_tag","embeddable":true,"href":"https:\/\/portal.fgeo.gob.mx\/index.php\/wp-json\/wp\/v2\/tags?post=15592"},{"taxonomy":"categoria_noticias","embeddable":true,"href":"https:\/\/portal.fgeo.gob.mx\/index.php\/wp-json\/wp\/v2\/categoria_noticias?post=15592"}],"curies":[{"name":"wp","href":"https:\/\/api.w.org\/{rel}","templated":true}]}}