{"id":15591,"date":"2023-04-22T18:39:19","date_gmt":"2023-04-23T00:39:19","guid":{"rendered":"http:\/\/fge.oaxaca.gob.mx\/?post_type=noticias&amp;p=4968"},"modified":"2023-04-22T18:39:19","modified_gmt":"2023-04-23T00:39:19","slug":"ejecuta-fiscalia-de-oaxaca-orden-de-aprehension-contra-un-hombre-adulto-por-delito-de-violacion-cometida-contra-una-nina","status":"publish","type":"noticias","link":"https:\/\/portal.fgeo.gob.mx\/index.php\/archivos\/noticias\/ejecuta-fiscalia-de-oaxaca-orden-de-aprehension-contra-un-hombre-adulto-por-delito-de-violacion-cometida-contra-una-nina","title":{"rendered":"Ejecuta Fiscal\u00eda de Oaxaca orden de aprehensi\u00f3n contra un hombre adulto por delito de violaci\u00f3n cometida contra una ni\u00f1a"},"content":{"rendered":"<p style=\"font-weight: 400; text-align: justify;\"><strong>Oaxaca de Ju\u00e1rez, Oax., a 22 de abril de 2023.-\u00a0<\/strong>La Fiscal\u00eda General del Estado de Oaxaca (FGEO) dio cumplimiento a una orden de\u00a0 aprehensi\u00f3n en contra de la persona del sexo masculino, identificada por las iniciales F. G. L., por el delito de Violaci\u00f3n Equiparada, cometida en contra de una menor de edad.<\/p>\n<p style=\"font-weight: 400; text-align: justify;\">De acuerdo con la denuncia penal, los hechos ocurrieron en el municipio de San Miguel Panixtlahuaca, donde una ni\u00f1a, de quien se omiten sus generales, era v\u00edctima del delito de Violaci\u00f3n cuando un familiar se percat\u00f3 del hecho, por lo que acudi\u00f3 ante la Vicefiscal\u00eda de la Costa.<\/p>\n<p style=\"font-weight: 400; text-align: justify;\">Luego que se realizaran las investigaciones correspondientes, se logr\u00f3 establecer la ubicaci\u00f3n de F. G. L., quien fue aprehendido en Puerto Escondido por elementos de la Agencia Estatal de Investigaciones (AEI).<\/p>\n<p style=\"font-weight: 400; text-align: justify;\">Tras realizar la detenci\u00f3n, F. G. L. qued\u00f3 a disposici\u00f3n del Ministerio P\u00fablico quien se encargar\u00e1 de presentarlo ante el Juez que atiende la causa para que resuelva su situaci\u00f3n jur\u00eddica en las pr\u00f3ximas horas.<\/p>\n<p style=\"font-weight: 400; text-align: justify;\">La denuncia ante la Fiscal\u00eda de Oaxaca es el primer paso en el proceso de acceso pleno a la justicia a favor de las v\u00edctimas que, en la Instituci\u00f3n de Procuraci\u00f3n de Justica encuentran un equipo multidisciplinario que brinda atenci\u00f3n integral.<\/p>\n","protected":false},"author":1,"featured_media":3175,"comment_status":"closed","ping_status":"closed","template":"","tags":[],"categoria_noticias":[],"class_list":["post-15591","noticias","type-noticias","status-publish","has-post-thumbnail","hentry"],"acf":[],"mb":[],"mfb_rest_fields":["title","gutenberg_elementor_mode"],"_links":{"self":[{"href":"https:\/\/portal.fgeo.gob.mx\/index.php\/wp-json\/wp\/v2\/noticias\/15591","targetHints":{"allow":["GET"]}}],"collection":[{"href":"https:\/\/portal.fgeo.gob.mx\/index.php\/wp-json\/wp\/v2\/noticias"}],"about":[{"href":"https:\/\/portal.fgeo.gob.mx\/index.php\/wp-json\/wp\/v2\/types\/noticias"}],"author":[{"embeddable":true,"href":"https:\/\/portal.fgeo.gob.mx\/index.php\/wp-json\/wp\/v2\/users\/1"}],"replies":[{"embeddable":true,"href":"https:\/\/portal.fgeo.gob.mx\/index.php\/wp-json\/wp\/v2\/comments?post=15591"}],"wp:featuredmedia":[{"embeddable":true,"href":"https:\/\/portal.fgeo.gob.mx\/index.php\/wp-json\/"}],"wp:attachment":[{"href":"https:\/\/portal.fgeo.gob.mx\/index.php\/wp-json\/wp\/v2\/media?parent=15591"}],"wp:term":[{"taxonomy":"post_tag","embeddable":true,"href":"https:\/\/portal.fgeo.gob.mx\/index.php\/wp-json\/wp\/v2\/tags?post=15591"},{"taxonomy":"categoria_noticias","embeddable":true,"href":"https:\/\/portal.fgeo.gob.mx\/index.php\/wp-json\/wp\/v2\/categoria_noticias?post=15591"}],"curies":[{"name":"wp","href":"https:\/\/api.w.org\/{rel}","templated":true}]}}