{"id":15588,"date":"2023-04-20T14:53:31","date_gmt":"2023-04-20T20:53:31","guid":{"rendered":"http:\/\/fge.oaxaca.gob.mx\/?post_type=noticias&amp;p=4959"},"modified":"2023-04-20T14:53:31","modified_gmt":"2023-04-20T20:53:31","slug":"nombra-fiscal-de-oaxaca-bernardo-rodriguez-alamilla-a-jorge-cruz-caballero-como-contralor-interno-de-la-institucion","status":"publish","type":"noticias","link":"https:\/\/portal.fgeo.gob.mx\/index.php\/archivos\/noticias\/nombra-fiscal-de-oaxaca-bernardo-rodriguez-alamilla-a-jorge-cruz-caballero-como-contralor-interno-de-la-institucion","title":{"rendered":"Nombra Fiscal de Oaxaca, Bernardo Rodr\u00edguez Alamilla, a Jorge Cruz Caballero como Contralor Interno de la instituci\u00f3n"},"content":{"rendered":"<p style=\"font-weight: 400; text-align: justify;\"><strong>Oaxaca de Ju\u00e1rez, Oax., a 20 de abril de 2023.-\u00a0<\/strong>El Fiscal General del Estado de Oaxaca (FGEO), Bernardo Rodr\u00edguez Alamilla tom\u00f3 protesta como Contralor Interno de la instituci\u00f3n a Jorge Cruz Caballero, y reiter\u00f3 que, dentro de los ejes de esta administraci\u00f3n se encuentra la transparencia y fiscalizaci\u00f3n del manejo de los recursos p\u00fablicos.<\/p>\n<p style=\"font-weight: 400; text-align: justify;\">Adem\u00e1s, el Fiscal General pidi\u00f3 que la labor de esta \u00e1rea permita ser un eslab\u00f3n clave para los procesos de uso adecuado, responsable y de austeridad en el gasto p\u00fablico, para evitar que se cometan actos irregulares.<\/p>\n<p style=\"font-weight: 400; text-align: justify;\">Por su parte, el Contralor Interno expres\u00f3 su compromiso para desempe\u00f1ar su trabajo con estricto apego a la ley vigente y mantenerse vigilante de la efectividad en la ejecuci\u00f3n presupuestal para que la instituci\u00f3n tenga un control eficiente en el gasto.<\/p>\n<p style=\"font-weight: 400; text-align: justify;\">Jorge Cruz Caballero es maestro en Derecho Constitucional y Administrativo, as\u00ed como licenciado en Derecho por la Universidad la Salle Oaxaca, que le concedi\u00f3 la Medalla \u201cHermano Miguel Febres Cordero\u201d, reconocimiento que se otorga a quien ha obtenido el mayor m\u00e9rito acad\u00e9mico de su generaci\u00f3n al cursar la Maestr\u00eda.<\/p>\n<p style=\"font-weight: 400; text-align: justify;\">Tambi\u00e9n se ha desempe\u00f1ado como asesor en el Municipio de Oaxaca de Ju\u00e1rez, adem\u00e1s de abogado postulante en materia administrativa, electoral y\u00a0constitucional.<\/p>\n","protected":false},"author":1,"featured_media":3175,"comment_status":"closed","ping_status":"closed","template":"","tags":[],"categoria_noticias":[],"class_list":["post-15588","noticias","type-noticias","status-publish","has-post-thumbnail","hentry"],"acf":[],"mb":[],"mfb_rest_fields":["title","gutenberg_elementor_mode"],"_links":{"self":[{"href":"https:\/\/portal.fgeo.gob.mx\/index.php\/wp-json\/wp\/v2\/noticias\/15588","targetHints":{"allow":["GET"]}}],"collection":[{"href":"https:\/\/portal.fgeo.gob.mx\/index.php\/wp-json\/wp\/v2\/noticias"}],"about":[{"href":"https:\/\/portal.fgeo.gob.mx\/index.php\/wp-json\/wp\/v2\/types\/noticias"}],"author":[{"embeddable":true,"href":"https:\/\/portal.fgeo.gob.mx\/index.php\/wp-json\/wp\/v2\/users\/1"}],"replies":[{"embeddable":true,"href":"https:\/\/portal.fgeo.gob.mx\/index.php\/wp-json\/wp\/v2\/comments?post=15588"}],"wp:featuredmedia":[{"embeddable":true,"href":"https:\/\/portal.fgeo.gob.mx\/index.php\/wp-json\/"}],"wp:attachment":[{"href":"https:\/\/portal.fgeo.gob.mx\/index.php\/wp-json\/wp\/v2\/media?parent=15588"}],"wp:term":[{"taxonomy":"post_tag","embeddable":true,"href":"https:\/\/portal.fgeo.gob.mx\/index.php\/wp-json\/wp\/v2\/tags?post=15588"},{"taxonomy":"categoria_noticias","embeddable":true,"href":"https:\/\/portal.fgeo.gob.mx\/index.php\/wp-json\/wp\/v2\/categoria_noticias?post=15588"}],"curies":[{"name":"wp","href":"https:\/\/api.w.org\/{rel}","templated":true}]}}