{"id":15586,"date":"2023-04-19T17:11:27","date_gmt":"2023-04-19T23:11:27","guid":{"rendered":"http:\/\/fge.oaxaca.gob.mx\/?post_type=noticias&amp;p=4957"},"modified":"2023-04-19T17:11:27","modified_gmt":"2023-04-19T23:11:27","slug":"fiscalia-de-oaxaca-obtiene-resultados-por-trabajos-con-perspectiva-de-genero-dos-vinculaciones-a-proceso-por-violencia-familiar","status":"publish","type":"noticias","link":"https:\/\/portal.fgeo.gob.mx\/index.php\/archivos\/noticias\/fiscalia-de-oaxaca-obtiene-resultados-por-trabajos-con-perspectiva-de-genero-dos-vinculaciones-a-proceso-por-violencia-familiar","title":{"rendered":"Fiscal\u00eda de Oaxaca obtiene resultados por trabajos con perspectiva de g\u00e9nero: dos vinculaciones a proceso por violencia familiar"},"content":{"rendered":"<p style=\"font-weight: 400; text-align: justify;\"><strong>Oaxaca de Ju\u00e1rez, Oax., a 19 de abril de 2023.-\u00a0<\/strong>Las labores de combate e investigaci\u00f3n de delitos contra la mujer por raz\u00f3n de g\u00e9nero que realiza la Fiscal\u00eda General del Estado de Oaxaca dieron como resultado, la obtenci\u00f3n de dos vinculaciones a proceso -en casos diferentes- por el delito de violencia familiar, cometido en la regi\u00f3n de los Valles Centrales.<\/p>\n<p style=\"font-weight: 400; text-align: justify;\">El primero de los casos ocurri\u00f3 en los meses de febrero y abril de 2023, de acuerdo con la denuncia penal que indica que, R. J. M. acudi\u00f3 en varias ocasiones al domicilio de la v\u00edctima (ex pareja), localizado en la ciudad de Oaxaca de Ju\u00e1rez, donde la agredi\u00f3 de varias maneras en diversas ocasiones.<\/p>\n<p style=\"font-weight: 400; text-align: justify;\">Ante la intervenci\u00f3n de la Fiscal\u00eda, se llev\u00f3 al imputado ante el Juez quien, luego de evaluar las pruebas aportadas por la FGEO, determin\u00f3 vincular a proceso al imputado y concedi\u00f3 dos meses para el cierre de la investigaci\u00f3n complementaria.<\/p>\n<p style=\"font-weight: 400; text-align: justify;\">El segundo caso, la v\u00edctima denunci\u00f3 que el 4 de abril de 2021, su hijo la agredi\u00f3 verbalmente cuando se encontraba en una colonia de la capital, por lo que, al sentirse en riesgo, acudi\u00f3 ante la FGEO.<\/p>\n<p style=\"font-weight: 400; text-align: justify;\">Tras la denuncia, la Fiscal\u00eda realiz\u00f3 las investigaciones que permitieron que el Juez que atiende la causa, dictara auto de vinculaci\u00f3n a proceso en contra de J. G. R. A., por lo que concedi\u00f3 meses como plazo para el cierre de la investigaci\u00f3n complementaria.<\/p>\n<p style=\"font-weight: 400; text-align: justify;\">Ante casos de violencia familiar contra las mujeres, la FGEO lleva a cabo investigaciones especializadas a cargo de la Fiscal\u00eda Especializada para la Atenci\u00f3n a Delitos Contra la Mujer por Raz\u00f3n de G\u00e9nero que brinda atenci\u00f3n integral y multidisciplinaria a favor de las v\u00edctimas.<\/p>\n","protected":false},"author":1,"featured_media":3175,"comment_status":"closed","ping_status":"closed","template":"","tags":[],"categoria_noticias":[],"class_list":["post-15586","noticias","type-noticias","status-publish","has-post-thumbnail","hentry"],"acf":[],"mb":[],"mfb_rest_fields":["title","gutenberg_elementor_mode"],"_links":{"self":[{"href":"https:\/\/portal.fgeo.gob.mx\/index.php\/wp-json\/wp\/v2\/noticias\/15586","targetHints":{"allow":["GET"]}}],"collection":[{"href":"https:\/\/portal.fgeo.gob.mx\/index.php\/wp-json\/wp\/v2\/noticias"}],"about":[{"href":"https:\/\/portal.fgeo.gob.mx\/index.php\/wp-json\/wp\/v2\/types\/noticias"}],"author":[{"embeddable":true,"href":"https:\/\/portal.fgeo.gob.mx\/index.php\/wp-json\/wp\/v2\/users\/1"}],"replies":[{"embeddable":true,"href":"https:\/\/portal.fgeo.gob.mx\/index.php\/wp-json\/wp\/v2\/comments?post=15586"}],"wp:featuredmedia":[{"embeddable":true,"href":"https:\/\/portal.fgeo.gob.mx\/index.php\/wp-json\/"}],"wp:attachment":[{"href":"https:\/\/portal.fgeo.gob.mx\/index.php\/wp-json\/wp\/v2\/media?parent=15586"}],"wp:term":[{"taxonomy":"post_tag","embeddable":true,"href":"https:\/\/portal.fgeo.gob.mx\/index.php\/wp-json\/wp\/v2\/tags?post=15586"},{"taxonomy":"categoria_noticias","embeddable":true,"href":"https:\/\/portal.fgeo.gob.mx\/index.php\/wp-json\/wp\/v2\/categoria_noticias?post=15586"}],"curies":[{"name":"wp","href":"https:\/\/api.w.org\/{rel}","templated":true}]}}