{"id":15585,"date":"2023-04-18T13:55:44","date_gmt":"2023-04-18T19:55:44","guid":{"rendered":"http:\/\/fge.oaxaca.gob.mx\/?post_type=noticias&amp;p=4955"},"modified":"2023-04-18T13:55:44","modified_gmt":"2023-04-18T19:55:44","slug":"fiscalia-de-oaxaca-obtiene-vinculacion-a-proceso-por-el-delito-de-trafico-de-plazas-y-servicios-contra-una-persona-que-vendio-plaza-laboral-del-ieepo","status":"publish","type":"noticias","link":"https:\/\/portal.fgeo.gob.mx\/index.php\/archivos\/noticias\/fiscalia-de-oaxaca-obtiene-vinculacion-a-proceso-por-el-delito-de-trafico-de-plazas-y-servicios-contra-una-persona-que-vendio-plaza-laboral-del-ieepo","title":{"rendered":"Fiscal\u00eda de Oaxaca obtiene vinculaci\u00f3n a proceso por el delito de tr\u00e1fico de plazas y servicios, contra una persona que vendi\u00f3 plaza laboral del IEEPO"},"content":{"rendered":"<p style=\"font-weight: 400; text-align: justify;\"><strong>Oaxaca de Ju\u00e1rez, Oax., a 18 de abril de 2023.-\u00a0<\/strong>La Fiscal\u00eda General del Estado de Oaxaca (FGEO) obtuvo auto de vinculaci\u00f3n a proceso, en contra de una persona del sexo masculino identificada con las iniciales A. T. S., por el delito de tr\u00e1fico de plazas y servicios, pues probablemente intent\u00f3 vender un plaza laboral del Instituto Estatal de Educaci\u00f3n P\u00fablica (IEEPO).<\/p>\n<p style=\"font-weight: 400; text-align: justify;\">De acuerdo con la carpeta de investigaci\u00f3n, el imputado ofreci\u00f3 una plaza laboral como prefecto en el Instituto Estatal de Educaci\u00f3n P\u00fablica, por la cual pidi\u00f3 200 mil pesos en efectivo, garantizando el espacio para el trabajo.<\/p>\n<p style=\"font-weight: 400; text-align: justify;\">El 24 de septiembre del 2020, la v\u00edctima realiz\u00f3 el pago luego de ser citada en las oficinas del imputado, localizadas en el Fraccionamiento El Retiro; despu\u00e9s de entregar el dinero, acudi\u00f3 al IEEPO, donde le dijeron que A. T. S. no ten\u00eda la facultad de otorgar plazas y tampoco exist\u00edan tr\u00e1mites o gestiones para incorporarla a la instituci\u00f3n.<\/p>\n<p style=\"font-weight: 400; text-align: justify;\">Ante la situaci\u00f3n, la v\u00edctima acudi\u00f3 a la FGEO para denunciar los hechos, por los que se inici\u00f3 la carpeta de investigaci\u00f3n correspondiente, derivada de la cual el Juez que atiende la causa dict\u00f3 auto de vinculaci\u00f3n a proceso en contra de A. T. S. y otorg\u00f3 un mes para el cierre de las investigaciones.<\/p>\n<p style=\"font-weight: 400; text-align: justify;\">La venta de plazas laborales en el servicio p\u00fablico constituye un delito, por lo que evitar este tipo de pr\u00e1cticas ayuda a prevenir la comisi\u00f3n de esta clase de conductas criminales.<\/p>\n","protected":false},"author":1,"featured_media":3175,"comment_status":"closed","ping_status":"closed","template":"","tags":[],"categoria_noticias":[],"class_list":["post-15585","noticias","type-noticias","status-publish","has-post-thumbnail","hentry"],"acf":[],"mb":[],"mfb_rest_fields":["title","gutenberg_elementor_mode"],"_links":{"self":[{"href":"https:\/\/portal.fgeo.gob.mx\/index.php\/wp-json\/wp\/v2\/noticias\/15585","targetHints":{"allow":["GET"]}}],"collection":[{"href":"https:\/\/portal.fgeo.gob.mx\/index.php\/wp-json\/wp\/v2\/noticias"}],"about":[{"href":"https:\/\/portal.fgeo.gob.mx\/index.php\/wp-json\/wp\/v2\/types\/noticias"}],"author":[{"embeddable":true,"href":"https:\/\/portal.fgeo.gob.mx\/index.php\/wp-json\/wp\/v2\/users\/1"}],"replies":[{"embeddable":true,"href":"https:\/\/portal.fgeo.gob.mx\/index.php\/wp-json\/wp\/v2\/comments?post=15585"}],"wp:featuredmedia":[{"embeddable":true,"href":"https:\/\/portal.fgeo.gob.mx\/index.php\/wp-json\/"}],"wp:attachment":[{"href":"https:\/\/portal.fgeo.gob.mx\/index.php\/wp-json\/wp\/v2\/media?parent=15585"}],"wp:term":[{"taxonomy":"post_tag","embeddable":true,"href":"https:\/\/portal.fgeo.gob.mx\/index.php\/wp-json\/wp\/v2\/tags?post=15585"},{"taxonomy":"categoria_noticias","embeddable":true,"href":"https:\/\/portal.fgeo.gob.mx\/index.php\/wp-json\/wp\/v2\/categoria_noticias?post=15585"}],"curies":[{"name":"wp","href":"https:\/\/api.w.org\/{rel}","templated":true}]}}