{"id":15577,"date":"2023-04-12T17:30:12","date_gmt":"2023-04-12T23:30:12","guid":{"rendered":"http:\/\/fge.oaxaca.gob.mx\/?post_type=noticias&amp;p=4935"},"modified":"2023-04-12T17:30:12","modified_gmt":"2023-04-12T23:30:12","slug":"obtiene-fiscalia-de-oaxaca-sentencia-condenatoria-de-15-anos-de-prision-por-violencia-familiar","status":"publish","type":"noticias","link":"https:\/\/portal.fgeo.gob.mx\/index.php\/archivos\/noticias\/obtiene-fiscalia-de-oaxaca-sentencia-condenatoria-de-15-anos-de-prision-por-violencia-familiar","title":{"rendered":"Obtiene Fiscal\u00eda de Oaxaca sentencia condenatoria de 15 a\u00f1os de prisi\u00f3n por violencia familiar"},"content":{"rendered":"<p style=\"font-weight: 400; text-align: justify;\"><strong>Oaxaca de Ju\u00e1rez, Oax., a 12 de abril de 2023.-\u00a0<\/strong>Las investigaciones encabezadas por la Fiscal\u00eda General del Estado de Oaxaca (FGEO) dieron como resultado una sentencia condenatoria de 15 a\u00f1os en prisi\u00f3n contra una persona del sexo masculino, por su responsabilidad en el delito de Violencia Familiar, cometido en la regi\u00f3n de la Cuenca del Papaloapan.<\/p>\n<p style=\"font-weight: 400; text-align: justify;\">De acuerdo con el expediente penal, los hechos sucedieron el 27 y 28 de marzo de 2022, cuando el imputado, identificado por las iniciales H. H. L. agredi\u00f3 f\u00edsica y psicol\u00f3gicamente a la v\u00edctima, cuando se encontraban en un domicilio particular en el municipio de San Juan Bautista Valle Nacional.<\/p>\n<p style=\"font-weight: 400; text-align: justify;\">Luego de presentar la denuncia, la Vicefiscal\u00eda Regional de la Cuenca atrajo el caso y realiz\u00f3 las investigaciones que permitieron aprehender al imputado que fue presentado ante el Juez que atiende la causa.<\/p>\n<p style=\"font-weight: 400; text-align: justify;\">Derivado de las pruebas presentadas por la FGEO, el Tribunal de Enjuiciamiento dict\u00f3 sentencia condenatoria por 15 a\u00f1os de prisi\u00f3n, adem\u00e1s del pago de una multa y de la reparaci\u00f3n del da\u00f1o.<\/p>\n<p style=\"font-weight: 400; text-align: justify;\">El combate a la violencia familiar es un tema prioritario en la agenda de la Fiscal\u00eda de Oaxaca debido a su alta incidencia y el impacto que tiene el n\u00facleo del tejido social.<\/p>\n","protected":false},"author":1,"featured_media":3175,"comment_status":"closed","ping_status":"closed","template":"","tags":[],"categoria_noticias":[],"class_list":["post-15577","noticias","type-noticias","status-publish","has-post-thumbnail","hentry"],"acf":[],"mb":[],"mfb_rest_fields":["title","gutenberg_elementor_mode"],"_links":{"self":[{"href":"https:\/\/portal.fgeo.gob.mx\/index.php\/wp-json\/wp\/v2\/noticias\/15577","targetHints":{"allow":["GET"]}}],"collection":[{"href":"https:\/\/portal.fgeo.gob.mx\/index.php\/wp-json\/wp\/v2\/noticias"}],"about":[{"href":"https:\/\/portal.fgeo.gob.mx\/index.php\/wp-json\/wp\/v2\/types\/noticias"}],"author":[{"embeddable":true,"href":"https:\/\/portal.fgeo.gob.mx\/index.php\/wp-json\/wp\/v2\/users\/1"}],"replies":[{"embeddable":true,"href":"https:\/\/portal.fgeo.gob.mx\/index.php\/wp-json\/wp\/v2\/comments?post=15577"}],"wp:featuredmedia":[{"embeddable":true,"href":"https:\/\/portal.fgeo.gob.mx\/index.php\/wp-json\/"}],"wp:attachment":[{"href":"https:\/\/portal.fgeo.gob.mx\/index.php\/wp-json\/wp\/v2\/media?parent=15577"}],"wp:term":[{"taxonomy":"post_tag","embeddable":true,"href":"https:\/\/portal.fgeo.gob.mx\/index.php\/wp-json\/wp\/v2\/tags?post=15577"},{"taxonomy":"categoria_noticias","embeddable":true,"href":"https:\/\/portal.fgeo.gob.mx\/index.php\/wp-json\/wp\/v2\/categoria_noticias?post=15577"}],"curies":[{"name":"wp","href":"https:\/\/api.w.org\/{rel}","templated":true}]}}