{"id":15574,"date":"2023-04-05T17:05:17","date_gmt":"2023-04-05T23:05:17","guid":{"rendered":"http:\/\/fge.oaxaca.gob.mx\/?post_type=noticias&amp;p=4932"},"modified":"2023-04-05T17:05:17","modified_gmt":"2023-04-05T23:05:17","slug":"vinculados-a-proceso-y-en-prision-preventiva-dos-imputados-por-delitos-sexuales-cometidos-contra-dos-ninas-fiscalia-de-oaxaca","status":"publish","type":"noticias","link":"https:\/\/portal.fgeo.gob.mx\/index.php\/archivos\/noticias\/vinculados-a-proceso-y-en-prision-preventiva-dos-imputados-por-delitos-sexuales-cometidos-contra-dos-ninas-fiscalia-de-oaxaca","title":{"rendered":"Vinculados a proceso y en prisi\u00f3n preventiva, dos imputados por delitos sexuales cometidos contra dos ni\u00f1as: Fiscal\u00eda de Oaxaca"},"content":{"rendered":"<p style=\"font-weight: 400; text-align: justify;\"><strong>Oaxaca de Ju\u00e1rez, Oax., a 05 de abril de 2023.- \u00a0<\/strong>Bajo la premisa de procurar justicia a ni\u00f1as v\u00edctimas de violencia sexual, la Fiscal\u00eda General del Estado de Oaxaca (FGEO) obtuvo dos autos de vinculaci\u00f3n a proceso por los delitos de violaci\u00f3n agravada y abuso sexual infantil agravado, por hechos distintos ocurridos en la Costa y en Valles Centrales.<\/p>\n<p style=\"font-weight: 400; text-align: justify;\">Tras la denuncia presentada por familiares, la Vicefiscal\u00eda Regional de la Costa atrajo el caso de violaci\u00f3n agravada en contra de una ni\u00f1a, acontecida en Los Reyes, San Jos\u00e9 Chacalapa, municipio de San Pedro Pochutla.<\/p>\n<p style=\"font-weight: 400; text-align: justify;\">Luego de las investigaciones, se ejecut\u00f3 la orden de aprehensi\u00f3n en contra de E. S. G., quien fue presentado ante el Juez que atiende la causa, y quien determin\u00f3 vincularlo a proceso e impuso prisi\u00f3n preventiva, adem\u00e1s que otorg\u00f3 seis meses para el cierre de la investigaci\u00f3n.<\/p>\n<p style=\"font-weight: 400; text-align: justify;\">Mientras que, en el segundo caso, los hechos sucedieron el 20 de marzo de 2021, en un domicilio particular localizado en San Agust\u00edn Yatareni, en los Valles Centrales de Oaxaca, donde la v\u00edctima (que en ese momento ten\u00eda 11 a\u00f1os de edad) sufri\u00f3 abuso sexual infantil agravado.<\/p>\n<p style=\"font-weight: 400; text-align: justify;\">El caso qued\u00f3 a cargo de la Fiscal\u00eda Especializada para la Atenci\u00f3n a Delitos Contra la Mujer por Raz\u00f3n de G\u00e9nero que realiz\u00f3 las investigaciones, gracias a las cuales se liber\u00f3 la orden de aprehensi\u00f3n en contra de E. S. M., quien luego de ser detenido qued\u00f3 a disposici\u00f3n del Juez que atiende la causa que determin\u00f3 vincularlo a proceso, adem\u00e1s que impuso prisi\u00f3n preventiva y concedi\u00f3 un mes para el cierre de las investigaciones.<\/p>\n<p style=\"font-weight: 400; text-align: justify;\">La Fiscal\u00eda General del Estado de Oaxaca cuenta con \u00e1reas especializadas en delitos cometidos contra la mujer en raz\u00f3n de g\u00e9nero que se hacen cargo de las investigaciones que se realizan brindando acompa\u00f1amiento integral\u00a0a\u00a0las\u00a0v\u00edctimas.<\/p>\n<p style=\"font-weight: 400; text-align: justify;\">La instituci\u00f3n refrenda el compromiso de procurar justicia a v\u00edctimas directas e indirectas de delitos sexuales, m\u00e1s a\u00fan cuando se trata de ni\u00f1as.\u00a0 Adem\u00e1s, reitera la importancia de poner un alto al abuso sexual infantil, el cual se comete principalmente en casa y por personas cercanas, ante lo cual recomienda confiar en ni\u00f1as cuando manifiestan lo sucedido, as\u00ed como denunciar este tipo de actos.<\/p>\n","protected":false},"author":1,"featured_media":3175,"comment_status":"closed","ping_status":"closed","template":"","tags":[],"categoria_noticias":[],"class_list":["post-15574","noticias","type-noticias","status-publish","has-post-thumbnail","hentry"],"acf":[],"mb":[],"mfb_rest_fields":["title","gutenberg_elementor_mode"],"_links":{"self":[{"href":"https:\/\/portal.fgeo.gob.mx\/index.php\/wp-json\/wp\/v2\/noticias\/15574","targetHints":{"allow":["GET"]}}],"collection":[{"href":"https:\/\/portal.fgeo.gob.mx\/index.php\/wp-json\/wp\/v2\/noticias"}],"about":[{"href":"https:\/\/portal.fgeo.gob.mx\/index.php\/wp-json\/wp\/v2\/types\/noticias"}],"author":[{"embeddable":true,"href":"https:\/\/portal.fgeo.gob.mx\/index.php\/wp-json\/wp\/v2\/users\/1"}],"replies":[{"embeddable":true,"href":"https:\/\/portal.fgeo.gob.mx\/index.php\/wp-json\/wp\/v2\/comments?post=15574"}],"wp:featuredmedia":[{"embeddable":true,"href":"https:\/\/portal.fgeo.gob.mx\/index.php\/wp-json\/"}],"wp:attachment":[{"href":"https:\/\/portal.fgeo.gob.mx\/index.php\/wp-json\/wp\/v2\/media?parent=15574"}],"wp:term":[{"taxonomy":"post_tag","embeddable":true,"href":"https:\/\/portal.fgeo.gob.mx\/index.php\/wp-json\/wp\/v2\/tags?post=15574"},{"taxonomy":"categoria_noticias","embeddable":true,"href":"https:\/\/portal.fgeo.gob.mx\/index.php\/wp-json\/wp\/v2\/categoria_noticias?post=15574"}],"curies":[{"name":"wp","href":"https:\/\/api.w.org\/{rel}","templated":true}]}}