{"id":15568,"date":"2023-04-02T13:29:29","date_gmt":"2023-04-02T19:29:29","guid":{"rendered":"http:\/\/fge.oaxaca.gob.mx\/?post_type=noticias&amp;p=4922"},"modified":"2023-04-02T13:29:29","modified_gmt":"2023-04-02T19:29:29","slug":"obtiene-fiscalia-de-oaxaca-vinculacion-a-proceso-por-incumplimiento-de-pago-de-pension-alimentaria","status":"publish","type":"noticias","link":"https:\/\/portal.fgeo.gob.mx\/index.php\/archivos\/noticias\/obtiene-fiscalia-de-oaxaca-vinculacion-a-proceso-por-incumplimiento-de-pago-de-pension-alimentaria","title":{"rendered":"Obtiene Fiscal\u00eda de Oaxaca vinculaci\u00f3n a proceso por incumplimiento de pago de pensi\u00f3n alimentaria"},"content":{"rendered":"<p style=\"font-weight: 400; text-align: justify;\"><strong>Oaxaca de Ju\u00e1rez, Oax., a 02 de abril de 2023.- \u00a0<\/strong>La Fiscal\u00eda General del Estado de Oaxaca (FGEO) obtuvo la vinculaci\u00f3n a proceso de una persona del sexo masculino identificada por las iniciales M. M. Z. por el delito de Incumplimiento de Obligaciones Alimentarias Judicialmente Determinadas.<\/p>\n<p style=\"font-weight: 400; text-align: justify;\">De acuerdo con lo establecido en el expediente, el imputado dej\u00f3 de cubrir el pago de pensi\u00f3n alimentaria a favor de su hijo, desde el 8 de julio de 2014, el cual fue impuesto el juez y al cual estuvo de acuerdo.<\/p>\n<p style=\"font-weight: 400; text-align: justify;\">A pesar de que se decret\u00f3 como firme la resoluci\u00f3n del pago y que M. M. Z. fue debidamente notificado en septiembre de 2016 para que cumpliera con la totalidad del pago, \u00e9ste no solvent\u00f3 lo correspondiente.<\/p>\n<p style=\"font-weight: 400; text-align: justify;\">Ante la negativa de cumplir con su obligaci\u00f3n, la Fiscal\u00eda llev\u00f3 al imputado ante el Juez, quien dict\u00f3 auto de vinculaci\u00f3n a proceso en su contra y concedi\u00f3 tres meses para el cierre de la investigaci\u00f3n.<\/p>\n<p style=\"font-weight: 400; text-align: justify;\">Garantizar los derechos de las infancias, es una de las labores fundamentales en el trabajo de procuraci\u00f3n de justicia que realiza la Fiscal\u00eda General del Estado de Oaxaca con el objetivo de cumplir con el inter\u00e9s superior\u00a0de\u00a0la\u00a0ni\u00f1ez.<\/p>\n","protected":false},"author":1,"featured_media":3175,"comment_status":"closed","ping_status":"closed","template":"","tags":[],"categoria_noticias":[],"class_list":["post-15568","noticias","type-noticias","status-publish","has-post-thumbnail","hentry"],"acf":[],"mb":[],"mfb_rest_fields":["title","gutenberg_elementor_mode"],"_links":{"self":[{"href":"https:\/\/portal.fgeo.gob.mx\/index.php\/wp-json\/wp\/v2\/noticias\/15568","targetHints":{"allow":["GET"]}}],"collection":[{"href":"https:\/\/portal.fgeo.gob.mx\/index.php\/wp-json\/wp\/v2\/noticias"}],"about":[{"href":"https:\/\/portal.fgeo.gob.mx\/index.php\/wp-json\/wp\/v2\/types\/noticias"}],"author":[{"embeddable":true,"href":"https:\/\/portal.fgeo.gob.mx\/index.php\/wp-json\/wp\/v2\/users\/1"}],"replies":[{"embeddable":true,"href":"https:\/\/portal.fgeo.gob.mx\/index.php\/wp-json\/wp\/v2\/comments?post=15568"}],"wp:featuredmedia":[{"embeddable":true,"href":"https:\/\/portal.fgeo.gob.mx\/index.php\/wp-json\/"}],"wp:attachment":[{"href":"https:\/\/portal.fgeo.gob.mx\/index.php\/wp-json\/wp\/v2\/media?parent=15568"}],"wp:term":[{"taxonomy":"post_tag","embeddable":true,"href":"https:\/\/portal.fgeo.gob.mx\/index.php\/wp-json\/wp\/v2\/tags?post=15568"},{"taxonomy":"categoria_noticias","embeddable":true,"href":"https:\/\/portal.fgeo.gob.mx\/index.php\/wp-json\/wp\/v2\/categoria_noticias?post=15568"}],"curies":[{"name":"wp","href":"https:\/\/api.w.org\/{rel}","templated":true}]}}