{"id":15567,"date":"2023-03-30T16:11:21","date_gmt":"2023-03-30T22:11:21","guid":{"rendered":"http:\/\/fge.oaxaca.gob.mx\/?post_type=noticias&amp;p=4920"},"modified":"2023-03-30T16:11:21","modified_gmt":"2023-03-30T22:11:21","slug":"obtiene-fiscalia-de-oaxaca-fallo-condenatorio-contra-dos-personas-por-secuestro-cometido-en-la-costa","status":"publish","type":"noticias","link":"https:\/\/portal.fgeo.gob.mx\/index.php\/archivos\/noticias\/obtiene-fiscalia-de-oaxaca-fallo-condenatorio-contra-dos-personas-por-secuestro-cometido-en-la-costa","title":{"rendered":"Obtiene Fiscal\u00eda de Oaxaca fallo condenatorio contra dos personas por secuestro cometido en la Costa"},"content":{"rendered":"<p style=\"font-weight: 400; text-align: justify;\"><strong>Oaxaca de Ju\u00e1rez, Oax., a 30 de marzo de 2023.- \u00a0<\/strong>El trabajo de la Fiscal\u00eda General del Estado de Oaxaca (FGEO) permiti\u00f3 obtener un fallo condenatorio contra dos personas responsables del delito de secuestro agravado, cometido en contra de un taxista en la regi\u00f3n de la Costa.<\/p>\n<p style=\"font-weight: 400; text-align: justify;\">De acuerdo con la causa penal, los hechos ocurrieron el pasado 28 de septiembre de 2020, cuando la v\u00edctima identificada como J. M. S. L., sali\u00f3 de Pinotepa Nacional con rumbo a Uni\u00f3n Lindavista, Jamiltepec para brindar un servicio de taxi, pero nunca lleg\u00f3 a su destino.<\/p>\n<p style=\"font-weight: 400; text-align: justify;\">La familia de la v\u00edctima recibi\u00f3 llamadas telef\u00f3nicas en las que les exig\u00edan una cantidad de dinero, a cambio de dejarlo en libertad.<\/p>\n<p style=\"font-weight: 400; text-align: justify;\">El cuerpo de la v\u00edctima fue localizado el 6 de octubre de 2020 en Santiago Jamiltepec, por lo que la FGEO encabez\u00f3 las investigaciones correspondientes, a trav\u00e9s de la Fiscal\u00eda Especializada para la Atenci\u00f3n a Delitos de Alto Impacto que logr\u00f3 la captura de G. S. A. y C. S. A.<\/p>\n<p style=\"font-weight: 400; text-align: justify;\">Ambos imputados fueron presentados ante el Juez que atiende la causa quien, luego de analizar las pruebas aportadas por la Fiscal\u00eda, dict\u00f3 fallo condenatorio en contra de G. S. A. y C. S. A., por su responsabilidad en la comisi\u00f3n del delito de secuestro agravado y se\u00f1al\u00f3 el 12 de abril del 2023, para el desahogo de la audiencia de lectura de sentencia.<\/p>\n<p style=\"font-weight: 400; text-align: justify;\">El acceso a la justicia y el resarcimiento del da\u00f1o, son derechos fundamentales de las v\u00edctimas, por lo que la Fiscal\u00eda de Oaxaca trabaja para cumplir con este objetivo.<\/p>\n","protected":false},"author":1,"featured_media":3175,"comment_status":"closed","ping_status":"closed","template":"","tags":[],"categoria_noticias":[],"class_list":["post-15567","noticias","type-noticias","status-publish","has-post-thumbnail","hentry"],"acf":[],"mb":[],"mfb_rest_fields":["title","gutenberg_elementor_mode"],"_links":{"self":[{"href":"https:\/\/portal.fgeo.gob.mx\/index.php\/wp-json\/wp\/v2\/noticias\/15567","targetHints":{"allow":["GET"]}}],"collection":[{"href":"https:\/\/portal.fgeo.gob.mx\/index.php\/wp-json\/wp\/v2\/noticias"}],"about":[{"href":"https:\/\/portal.fgeo.gob.mx\/index.php\/wp-json\/wp\/v2\/types\/noticias"}],"author":[{"embeddable":true,"href":"https:\/\/portal.fgeo.gob.mx\/index.php\/wp-json\/wp\/v2\/users\/1"}],"replies":[{"embeddable":true,"href":"https:\/\/portal.fgeo.gob.mx\/index.php\/wp-json\/wp\/v2\/comments?post=15567"}],"wp:featuredmedia":[{"embeddable":true,"href":"https:\/\/portal.fgeo.gob.mx\/index.php\/wp-json\/"}],"wp:attachment":[{"href":"https:\/\/portal.fgeo.gob.mx\/index.php\/wp-json\/wp\/v2\/media?parent=15567"}],"wp:term":[{"taxonomy":"post_tag","embeddable":true,"href":"https:\/\/portal.fgeo.gob.mx\/index.php\/wp-json\/wp\/v2\/tags?post=15567"},{"taxonomy":"categoria_noticias","embeddable":true,"href":"https:\/\/portal.fgeo.gob.mx\/index.php\/wp-json\/wp\/v2\/categoria_noticias?post=15567"}],"curies":[{"name":"wp","href":"https:\/\/api.w.org\/{rel}","templated":true}]}}